{"id":1069,"date":"2014-06-01T19:02:33","date_gmt":"2014-06-01T17:02:33","guid":{"rendered":"http:\/\/academicrightswatch.se\/?p=1069"},"modified":"2017-12-29T12:04:00","modified_gmt":"2017-12-29T11:04:00","slug":"kollegialt-inflytande-minimalt-nar-lunds-universitet-valjer-ny-rektor-unescos-regler-overtrads","status":"publish","type":"post","link":"https:\/\/academicrightswatch.se\/?p=1069","title":{"rendered":"Kollegialt inflytande minimalt n\u00e4r Lunds universitet v\u00e4ljer ny rektor: Unescos regler \u00f6vertr\u00e4ds"},"content":{"rendered":"<p><em>Hemliga kandidater, en beredningsgrupp som bara inneh\u00e5ller en l\u00e4rar- och en studentrepresentant, ett universitetskollegium som sedan ska \u201dh\u00f6ras\u201d men d\u00e4r l\u00e4rarna inte l\u00e4ngre \u00e4r i majoritet. F\u00f6ruts\u00e4ttningarna f\u00f6r ett rektorsval som uppfyller grundl\u00e4ggande principer om \u00f6ppenhet och f\u00f6rankring i den akademiska verksamheten har kanske aldrig varit s\u00e4mre i Lunds universitets snart 350-\u00e5riga historia.<\/em><br \/>\n<!--more L\u00e4s mer...--><\/p>\n<p>N\u00e4r det \u00e4r rektorsval i Lund kan allting h\u00e4nda. F\u00f6rra g\u00e5ngen r\u00f6stade de flesta representanterna p\u00e5 P\u00e4r Omling, tidigare generaldirekt\u00f6r p\u00e5 Vetenskapsr\u00e5det, men p\u00e5 n\u00e5got s\u00e4tt gick rektorskapet \u00e4nd\u00e5 till en annan kandidat: kontroversielle Per Eriksson. \u00c4ven i det nuvarande valet st\u00e5r stora intressen p\u00e5 spel. Det g\u00e4ller inte minst prestigeprojektet ESS \u2013 en j\u00e4ttelik planerad forskningsanl\u00e4ggning \u2013 som f\u00e5r starkt st\u00f6d av n\u00e4ringsliv och externa p\u00e5tryckargrupper, men d\u00e4r l\u00e4rare och studenter inte \u00e4r fullt s\u00e5 entusiastiska. De galopperande kostnaderna riskerar g\u00e5 ut \u00f6ver universitetets utbildning och \u00f6vriga forskning, inte minst inom humaniora och samh\u00e4llsvetenskap. Att driva ESS blir lika dyrt som att driva hela Lunds tekniska h\u00f6gskola (LTH).<\/p>\n<p>Denna g\u00e5ng tar man d\u00e4rf\u00f6r inga risker med en av l\u00e4rare dominerad valf\u00f6rsamling som v\u00e4ljer \u201dfel\u201d kandidat. Ist\u00e4llet inr\u00e4ttades under ledning av Eva \u00c5kesson, tidigare prorektor i Lund och numera omtalad rektor i Uppsala, en ny enhet \u2013 universitetskollegiet \u2013 d\u00e4r l\u00e4rarna bara har 50% representation och som enbart har en r\u00e5dgivande funktion. Enligt <a href=\"http:\/\/portal.unesco.org\/en\/ev.php-URL_ID=13144&amp;URL_DO=DO_TOPIC&amp;URL_SECTION=201.html\" target=\"_blank\">Unescos rekommendationer f\u00f6r h\u00f6gre utbildning<\/a> (\u00a731) g\u00e4ller att \u201d[h]igher-education teaching personnel \u2026 should also have the right to elect a majority of representatives to academic bodies within the higher education institution\u201d. Denna internationellt \u00f6verenskomna princip har Lund allts\u00e5 valt att inte respektera. I universitetskollegiet \u00e4r f\u00f6rutom studenter nu \u00e4ven administrativ och teknisk personal representerade.<\/p>\n<p>Tidigare har Lunds universitet utm\u00e4rkts sig f\u00f6r att ha beh\u00e5llit en h\u00f6g grad av kollegialitet p\u00e5 alla niv\u00e5er i organisationen. I en f\u00e4rsk Uppsala-studie av kollegialiteten vid v\u00e5ra l\u00e4ros\u00e4ten som vi tidigare rapporterat om intog universitetet en hedrande delad f\u00f6rstaplats med \u00d6rebro. Det \u00e4r olyckligt att man nu fr\u00e5ng\u00e5r kollegialitet och internationella principer i ett f\u00f6r universitetet avg\u00f6rande beslut.<\/p>\n<p>Den egentliga makten tillkommer dock inte universitetskollegiet utan beredningsgruppen. H\u00e4r uppenbarar sig processens kanske st\u00f6rsta svaghet. Gruppen, som leds av styrelseordf\u00f6rande Margot Wallstr\u00f6m, har bara fyra ledam\u00f6ter: f\u00f6rutom Wallstr\u00f6m sj\u00e4lv ytterligare en extern styrelseledamot samt en student- och en l\u00e4rarrepresentant tillika fr\u00e5n styrelsen. Det r\u00e4cker allts\u00e5 att Wallstr\u00f6m har st\u00f6d fr\u00e5n den externe styrelserepresentanten f\u00f6r att hon med sin utslagsr\u00f6st ska kunna driva igenom en egen kandidat. L\u00e4rar- och studentrepresentanten kommer i s\u00e5 fall inte att ha n\u00e5gon betydelse. Ett akademiskt f\u00f6rsvagat universitetskollegium som bara ska \u201dh\u00f6ras\u201d st\u00e4lls sedan inf\u00f6r fullbordat faktum.<\/p>\n<p>Det \u00e4r allts\u00e5 i princip m\u00f6jligt f\u00f6r tv\u00e5 externa styrelsemedlemmar att inom ramen f\u00f6r beredningsgruppen sj\u00e4lva f\u00f6resl\u00e5 rektor som sedan, efter rutinm\u00e4ssigt \u201dh\u00f6rande\u201d, klubbas igenom av en universitetsstyrelse d\u00e4r majoriteten representerar externa intressen och tillsatts av regeringen. Hotet mot universitetets institutionella autonomi kunde knappast vara mer p\u00e5tagligt.<\/p>\n<p>Den tredje svaga l\u00e4nken \u00e4r att listan \u00f6ver vilka som nominerats f\u00f6r rektorstj\u00e4nsten \u00e4r hemlig, vilket inte bara \u00e4r akademiskt oacceptabelt utan st\u00e5r i direkt strid med de direktiv som beredningsgruppen f\u00e5tt av styrelsen: \u201d I sitt arbete ska beredningsgruppen genom hela processen s\u00e4kerst\u00e4lla \u00f6ppenhet och en god f\u00f6rankring inom universitet.\u201d Det visar sig att universitetskollegiet inte heller f\u00e5r veta vem som nominerats. Fr\u00e5gan \u00e4r hur de i s\u00e5 fall ska kunna bed\u00f6ma beredningsgruppens f\u00f6rest\u00e5ende f\u00f6rslag p\u00e5 t\u00e4tgrupp.<\/p>\n<p>Ett s\u00e5dant f\u00f6rfarande avvisas \u00e4ven p\u00e5 l\u00e4ros\u00e4ten som inte har Lunds l\u00e5nga akademiska tradition. N\u00e4r Link\u00f6pings universitet valde ny rektor 2011 satt f\u00f6rutom ordf\u00f6randen Bengt Westerberg och vice ordf\u00f6rande samtliga sex l\u00e4rar- och studentrepresentanter fr\u00e5n styrelsen i beredningsgruppen. Det ger betydlig b\u00e4ttre f\u00f6ruts\u00e4ttningar f\u00f6r ett val med djup f\u00f6rankring hos s\u00e5v\u00e4l l\u00e4rare som studenter. I en st\u00f6rre beredningsgrupp \u00e4r det inte l\u00e4ngre m\u00f6jligt f\u00f6r en extern ordf\u00f6rande att med sin utslagsr\u00f6st kontrollera hela processen. Fr\u00e5gan som st\u00e4ller sig \u00e4r varf\u00f6r Lunds l\u00e4rare och studenter m\u00e5ste n\u00f6ja sig med mindre. Link\u00f6ping i all \u00e4ra, men ska inte Lunds universitet vara minst lika akademiskt trov\u00e4rdigt?<\/p>\n<p>Under nuvarande former har valet i Lund inte den akademiska legitimitet som man kan och m\u00e5ste kr\u00e4va. Det kommer att or\u00e4ttvist belasta en ny rektor redan fr\u00e5n b\u00f6rjar, oavsett hans eller hennes kvaliteteter. Det enda r\u00e4tta vore, kunde man h\u00e4vda, att valet avbl\u00e5stes och att processen togs om fr\u00e5n b\u00f6rjan.<\/p>\n<p>Men f\u00f6r att spara tid och m\u00f6da f\u00f6resl\u00e5r vi ist\u00e4llet f\u00f6ljande: ett snabbt beslut b\u00f6r fattas om en ut\u00f6kad beredningsgrupp d\u00e4r samtliga l\u00e4rar- och studentrepresenanter fr\u00e5n styrelsen ing\u00e5r, enligt Link\u00f6pingsmodellen. Denna ut\u00f6kade grupp om \u00e5tta ledam\u00f6ter b\u00f6r g\u00e5 igenom alla ans\u00f6kningar och nomineringar samt g\u00f6ra ett nytt urval. De kandidater som insisterar p\u00e5 att f\u00e5 vara hemliga b\u00f6r strykas. Sedan kan processen i v\u00e4rsta fall f\u00e5 forts\u00e4tta som tidigare planerat.<\/p>\n<p>Det skulle inte l\u00f6sa alla problem och hela processen m\u00e5ste ses \u00f6ver inf\u00f6r n\u00e4sta rektorsval, men det vore en rimlig konstruktiv kompromiss f\u00f6r att r\u00e4dda universitetets ansikte i den akademiska v\u00e4rlden. Om den nuvarande processen till\u00e5ts forts\u00e4tta riskerar den dessutom att f\u00f6rdjupa den klyfta mellan ledning och verksamhet som personalenk\u00e4ter och en l\u00e5ng rad \u201daff\u00e4rer\u201d med all \u00f6nskv\u00e4rd tydlighet p\u00e5visat.<\/p>\n<p>EJO\/MZ<\/p>\n<p>&nbsp;<\/p>\n<h1><strong>L\u00e4nkar<\/strong><\/h1>\n<h3><strong>Debatt i Sydsvenska Dagbladet<\/strong><\/h3>\n<p style=\"padding-left: 30px;\"><a href=\"http:\/\/www.sydsvenskan.se\/lund\/kandidat-hoppar-av-rektorsvalet-i-protest\/\" target=\"_blank\">Kandidat hoppar av rektorsvalet i protest<\/a><\/p>\n<p style=\"padding-left: 30px;\"><a href=\"http:\/\/www.sydsvenskan.se\/lund\/wallstrom-det-ar-var-uppgift-att-skota-detta\/\" target=\"_blank\">Wallstr\u00f6m: \u2019\u2019Det \u00e4r v\u00e5r uppgift att sk\u00f6ta detta\u2019\u2019<\/a><\/p>\n<p style=\"padding-left: 30px;\"><a href=\"http:\/\/www.sydsvenskan.se\/lund\/styrelsen-stoder-wallstroms-tolkning-av-oppenhet\/\" target=\"_blank\">Styrelsen st\u00f6der Wallstr\u00f6ms tolkning av \u00f6ppenhet<\/a><\/p>\n<p><a href=\"https:\/\/academicrightswatch.se\/wp-content\/uploads\/2014\/06\/LUM6-2011.pdf\" target=\"_blank\">Artikel i LUM om Eva \u00c5kessons inr\u00e4ttande av universitetskollegiet<\/a><\/p>\n<p><a href=\"https:\/\/academicrightswatch.se\/wp-content\/uploads\/2014\/06\/Ledamoter_UK_komplett140122.pdf\" target=\"_blank\">Representanterna i universitetskollegiet, LU<\/a><\/p>\n<p><a href=\"https:\/\/academicrightswatch.se\/wp-content\/uploads\/2014\/06\/Nyrektor-Link\u00f6ping.pdf\" target=\"_blank\">Tills\u00e4ttningsprocessen i Link\u00f6ping<\/a><\/p>\n<p><a href=\"https:\/\/academicrightswatch.se\/wp-content\/uploads\/2014\/06\/RektorsprocessUS131213.pdf\" target=\"_blank\">Styrelsens direktiv till beredningsgruppen, LU<\/a><\/p>\n","protected":false},"excerpt":{"rendered":"<p>Hemliga kandidater, en beredningsgrupp som bara inneh\u00e5ller en l\u00e4rar- och en studentrepresentant, ett universitetskollegium som sedan ska \u201dh\u00f6ras\u201d men d\u00e4r l\u00e4rarna inte l\u00e4ngre \u00e4r i majoritet. F\u00f6ruts\u00e4ttningarna f\u00f6r ett rektorsval som uppfyller grundl\u00e4ggande principer om \u00f6ppenhet och f\u00f6rankring i den &hellip; <a href=\"https:\/\/academicrightswatch.se\/?p=1069\">Forts\u00e4tt l\u00e4sa <span class=\"meta-nav\">&rarr;<\/span><\/a><\/p>\n","protected":false},"author":3,"featured_media":0,"comment_status":"closed","ping_status":"closed","sticky":false,"template":"","format":"standard","meta":{"footnotes":""},"categories":[12],"tags":[126,113,127,10,124,123,47,125],"class_list":["post-1069","post","type-post","status-publish","format-standard","hentry","category-akademisk-frihet","tag-autonomi","tag-eva-akesson","tag-kollegialitet","tag-lunds-universitet","tag-margot-wallstrom","tag-par-omling","tag-per-eriksson","tag-unesco"],"_links":{"self":[{"href":"https:\/\/academicrightswatch.se\/index.php?rest_route=\/wp\/v2\/posts\/1069","targetHints":{"allow":["GET"]}}],"collection":[{"href":"https:\/\/academicrightswatch.se\/index.php?rest_route=\/wp\/v2\/posts"}],"about":[{"href":"https:\/\/academicrightswatch.se\/index.php?rest_route=\/wp\/v2\/types\/post"}],"author":[{"embeddable":true,"href":"https:\/\/academicrightswatch.se\/index.php?rest_route=\/wp\/v2\/users\/3"}],"replies":[{"embeddable":true,"href":"https:\/\/academicrightswatch.se\/index.php?rest_route=%2Fwp%2Fv2%2Fcomments&post=1069"}],"version-history":[{"count":12,"href":"https:\/\/academicrightswatch.se\/index.php?rest_route=\/wp\/v2\/posts\/1069\/revisions"}],"predecessor-version":[{"id":3049,"href":"https:\/\/academicrightswatch.se\/index.php?rest_route=\/wp\/v2\/posts\/1069\/revisions\/3049"}],"wp:attachment":[{"href":"https:\/\/academicrightswatch.se\/index.php?rest_route=%2Fwp%2Fv2%2Fmedia&parent=1069"}],"wp:term":[{"taxonomy":"category","embeddable":true,"href":"https:\/\/academicrightswatch.se\/index.php?rest_route=%2Fwp%2Fv2%2Fcategories&post=1069"},{"taxonomy":"post_tag","embeddable":true,"href":"https:\/\/academicrightswatch.se\/index.php?rest_route=%2Fwp%2Fv2%2Ftags&post=1069"}],"curies":[{"name":"wp","href":"https:\/\/api.w.org\/{rel}","templated":true}]}}