{"id":1259,"date":"2014-11-09T16:11:11","date_gmt":"2014-11-09T15:11:11","guid":{"rendered":"http:\/\/academicrightswatch.se\/?p=1259"},"modified":"2017-12-29T11:59:57","modified_gmt":"2017-12-29T10:59:57","slug":"vandpunkt-eller-slag-i-luften-nya-regeringen-sagar-new-public-management","status":"publish","type":"post","link":"https:\/\/academicrightswatch.se\/?p=1259","title":{"rendered":"V\u00e4ndpunkt eller slag i luften? Nya regeringen s\u00e5gar New Public Management"},"content":{"rendered":"<p><em>Den nya regeringen ledd av Stefan L\u00f6fven meddelar att man ratar New Public Management som styrprincip i offentlig sektor. Ist\u00e4llet ska professionernas kunnande och yrkesetik bli mer v\u00e4gledande. Detta efter att m\u00e5nga riktat skarp kritik mot NPM-styrets oacceptabla konsekvenser f\u00f6r demokratin och kvaliteten inom h\u00f6gskolan och den offentliga sektorn.<\/em><br \/>\n<!--more L\u00e4s mer...--><\/p>\n<p>Academic Rights Watch har i inl\u00e4gg efter inl\u00e4gg kunnat dokumentera hur NPM och managerstyre leder till \u00f6vertr\u00e4delser av den akademiska friheten, ofta med st\u00f6tande konsekvenser ur ett demokratiperspektiv. Kort sagt inneb\u00e4r NPM att administrativa chefer gradvis tar \u00f6ver kontrollen av akademin, inklusive forskningen och undervisningen. Akademikerna sj\u00e4lva, som sitter inne med \u00e4mneskompetensen och ska vara en oberoende kritisk kraft i samh\u00e4llsutvecklingen, f\u00e5r finna sig i spela andrafiol. Det privata n\u00e4ringslivet upph\u00f6js som modell och ideal.<\/p>\n<p>Resultatet \u00e4r p\u00e5 f\u00f6rhand givet: kvaliteten i verksamheten blir lidande samtidigt som yttrandefrihet och andra demokrativ\u00e4rden tonas ner. L\u00e4gg d\u00e4rtill en allt s\u00e4mre arbetsmilj\u00f6 n\u00e4r managementt\u00e4nk kolliderar med yrkesetik. Den som opponerar sig tystas ner, omplaceras, k\u00f6ps ut eller s\u00e4gs upp.<\/p>\n<p>Nu har man \u00e4ven fr\u00e5n politiskt h\u00e5ll insett att situationen \u00e4r oh\u00e5llbar. Den nya regeringens avst\u00e5ndstagande \u00e4r i linje med <a href=\"http:\/\/www.dn.se\/debatt\/valfardens-yrken-maste-fa-sin-frihet-och-status-ater\/\" target=\"_blank\">Stefan L\u00f6fvens tidigare kritik i en artikel i DN<\/a>. Det rimmar ocks\u00e5 v\u00e4l med de svar som regeringspartierna och V\u00e4nsterpartiet gav <a title=\"Valspecial: partierna svarar om den akademiska friheten\" href=\"https:\/\/academicrightswatch.se\/?p=1171\" target=\"_blank\">p\u00e5 v\u00e5r tidigare enk\u00e4t<\/a> d\u00e4r alla tre levererade passionerade f\u00f6rsvar av l\u00e4rares och forskares akademiska frihet.<\/p>\n<p><a href=\"http:\/\/www.regeringen.se\/sb\/d\/19333\/a\/248803\" target=\"_blank\">I meddelandet fr\u00e5n nye civilminister Ardalan Shekarabi<\/a> p\u00e5 finansdepartementet den 23 oktober f\u00f6rklaras att regeringen i budgetpropositionen 2015 tar \u201dett f\u00f6rsta steg mot att utveckla styrningen i offentlig sektor i en riktning som inneb\u00e4r att professionernas kunnande och yrkesetik blir mer v\u00e4gledande \u00e4n vad de \u00e4r i dag\u201d samt att man \u201dp\u00e5b\u00f6rjar ett arbete med att utveckla styrmodeller som skapar st\u00f6rre frihet f\u00f6r medarbetarna i offentlig sektor\u201d.<\/p>\n<p>&#8211; V\u00e4lf\u00e4rdsprofessionernas kunnande och yrkesetik ska bli mer v\u00e4gledande. De senaste decenniernas styrning, som inspirerats av det som brukar kallas New Public Management, har lett till en \u00f6kad administrativ b\u00f6rda och att yrkesprofessionernas roll f\u00f6rsvagats. Denna utveckling vill regeringen v\u00e4nda, skriver civilminister Ardalan Shekarabi.<\/p>\n<p>Shekarabi forts\u00e4tter:<\/p>\n<p>&#8211; N\u00e4r offentlig sektors professioner ges f\u00f6ruts\u00e4ttningar att g\u00f6ra ett bra arbete blir ocks\u00e5 kvaliteten i verksamheten h\u00f6gre. Att ta fram nya styrmodeller som s\u00e4kerst\u00e4ller detta \u00e4r prioriterat f\u00f6r regeringen.<\/p>\n<p>Utspelet \u00e4r i f\u00f6rsta hand ett st\u00e4llningstagande och en politisk markering. D\u00e4r finns relativt lite konkret att h\u00e4mta i sak, f\u00f6rutom att saken ska utredas och ses \u00f6ver samt att \u201dsamverkan med den vetenskapliga forskningen att vara central\u201d.<\/p>\n<p>Magnus Zetterholm p\u00e5 Academic Rights Watch \u00e4r positiv till regeringens deklaration:<\/p>\n<p>&#8211; Vi v\u00e4lkomnar att den nya regeringen insett att det inte l\u00e4ngre g\u00e5r att forts\u00e4tta p\u00e5 den inslagna v\u00e4gen. Det visar att v\u00e5r och m\u00e5nga andras kritiska granskning haft effekt.<\/p>\n<p>Zetterholm varnar dock f\u00f6r att tro att faran \u00e4r \u00f6ver:<\/p>\n<p>&#8211; M\u00e5nga akt\u00f6rer har allt att vinna p\u00e5 att NPM-styret blir kvar. Det g\u00e4ller t.ex. chefer som kunnat g\u00f6ra karri\u00e4r p\u00e5 att akademisk kompetens nedtonats. De kommer att klamra sig fast vid sina positioner.<\/p>\n<p>Zetterholm menar ocks\u00e5 f\u00f6r att trycket fr\u00e5n lobbyister kan bli \u00f6verv\u00e4ldigande:<\/p>\n<p>&#8211; Tunga lobbyister som Svenskt N\u00e4ringsliv ser h\u00f6gskolorna v\u00e4sentligen som instrument f\u00f6r sina egna kortsiktiga intressen, utan h\u00e4nsyn till den h\u00f6gre utbildningen l\u00e5ngsiktiga kulturella och demokratiska funktion. Det p\u00e5 marknadst\u00e4nkande baserade NPM-styret spelar dem i h\u00e4nderna och kommer att f\u00f6rsvaras med alla till buds st\u00e5ende medel.<\/p>\n<p>&#8211; De krafter inom regeringen som vill driva igenom en ny, mer demokratisk styrning av akademin beh\u00f6ver allt st\u00f6d som kan uppb\u00e5das. Inte minst m\u00e5ste de f\u00e5 en oberoende och ocensurerad beskrivning av verkligheten ute p\u00e5 f\u00e4ltet. V\u00e5r uppgift att utifr\u00e5n ett gr\u00e4srotsperspektiv dokumentera kr\u00e4nkningar av forskares och l\u00e4rares r\u00e4ttigheter \u00e4r d\u00e4rf\u00f6r viktigare \u00e4n n\u00e5gonsin, s\u00e4ger Magnus Zetterholm.<\/p>\n","protected":false},"excerpt":{"rendered":"<p>Den nya regeringen ledd av Stefan L\u00f6fven meddelar att man ratar New Public Management som styrprincip i offentlig sektor. Ist\u00e4llet ska professionernas kunnande och yrkesetik bli mer v\u00e4gledande. Detta efter att m\u00e5nga riktat skarp kritik mot NPM-styrets oacceptabla konsekvenser f\u00f6r &hellip; <a href=\"https:\/\/academicrightswatch.se\/?p=1259\">Forts\u00e4tt l\u00e4sa <span class=\"meta-nav\">&rarr;<\/span><\/a><\/p>\n","protected":false},"author":3,"featured_media":0,"comment_status":"closed","ping_status":"closed","sticky":false,"template":"","format":"standard","meta":{"footnotes":""},"categories":[12],"tags":[86,177,163,176,101],"class_list":["post-1259","post","type-post","status-publish","format-standard","hentry","category-akademisk-frihet","tag-akademisk-frihet-2","tag-ardalan-shekarabi","tag-new-public-management","tag-stefan-lofven","tag-svenskt-naringsliv"],"_links":{"self":[{"href":"https:\/\/academicrightswatch.se\/index.php?rest_route=\/wp\/v2\/posts\/1259","targetHints":{"allow":["GET"]}}],"collection":[{"href":"https:\/\/academicrightswatch.se\/index.php?rest_route=\/wp\/v2\/posts"}],"about":[{"href":"https:\/\/academicrightswatch.se\/index.php?rest_route=\/wp\/v2\/types\/post"}],"author":[{"embeddable":true,"href":"https:\/\/academicrightswatch.se\/index.php?rest_route=\/wp\/v2\/users\/3"}],"replies":[{"embeddable":true,"href":"https:\/\/academicrightswatch.se\/index.php?rest_route=%2Fwp%2Fv2%2Fcomments&post=1259"}],"version-history":[{"count":6,"href":"https:\/\/academicrightswatch.se\/index.php?rest_route=\/wp\/v2\/posts\/1259\/revisions"}],"predecessor-version":[{"id":3038,"href":"https:\/\/academicrightswatch.se\/index.php?rest_route=\/wp\/v2\/posts\/1259\/revisions\/3038"}],"wp:attachment":[{"href":"https:\/\/academicrightswatch.se\/index.php?rest_route=%2Fwp%2Fv2%2Fmedia&parent=1259"}],"wp:term":[{"taxonomy":"category","embeddable":true,"href":"https:\/\/academicrightswatch.se\/index.php?rest_route=%2Fwp%2Fv2%2Fcategories&post=1259"},{"taxonomy":"post_tag","embeddable":true,"href":"https:\/\/academicrightswatch.se\/index.php?rest_route=%2Fwp%2Fv2%2Ftags&post=1259"}],"curies":[{"name":"wp","href":"https:\/\/api.w.org\/{rel}","templated":true}]}}