{"id":2324,"date":"2016-08-24T14:17:00","date_gmt":"2016-08-24T12:17:00","guid":{"rendered":"http:\/\/academicrightswatch.se\/?p=2324"},"modified":"2017-12-29T11:08:12","modified_gmt":"2017-12-29T10:08:12","slug":"att-utmanovrera-en-kvinnlig-professor-arw-svarar-om-fallet-molnar","status":"publish","type":"post","link":"https:\/\/academicrightswatch.se\/?p=2324","title":{"rendered":"Att utman\u00f6vrera en kvinnlig professor: ARW svarar om fallet Moln\u00e1r"},"content":{"rendered":"<p><em>Som ARW kunnat avsl\u00f6ja f\u00f6rbj\u00f6d cheferna lundaprofessorn Val\u00e9ria Moln\u00e1r att ber\u00e4tta om sin situation efter att hon blivit omplacerad och isolerad fr\u00e5n sin avdelning (tyska). Efter fruktl\u00f6sa kontakter med Lunds universitets ledning g\u00e5r vi nu vidare och JO-anm\u00e4ler universitetet f\u00f6r otill\u00e5ten inskr\u00e4nkning av yttrandefriheten. I detta inl\u00e4gg svarar vi ocks\u00e5 p\u00e5 kritik som riktats mot v\u00e5rt inl\u00e4gg om Moln\u00e1r av en l\u00e4rare som anser sig felaktigt utpekad.<\/em><\/p>\n<p><!--more L\u00e4s mer...--><\/p>\n<p><a href=\"https:\/\/academicrightswatch.se\/?p=2217\">Det m\u00e4rkliga \u00e4rendet med tyskaprofessorn Val\u00e9ria Moln\u00e1r<\/a> tar sin b\u00f6rjan n\u00e4r hon som ledamot i l\u00e4rarf\u00f6rslagsn\u00e4mnden vid SOL-centrum i Lund reserverar sig mot beslutet att anst\u00e4lla en kvinnlig l\u00e4rare. S\u00e5 sm\u00e5ningom g\u00f6rs en underm\u00e5lig utredning av den psykosociala arbetsmilj\u00f6n i hennes \u00e4mne d\u00e4r hon, p\u00e5 tvivelaktiga grunder, utpekas som ett arbetsmilj\u00f6problem. Moln\u00e1r omplaceras sedan till en annan avdelning och isoleras allts\u00e5 fr\u00e5n sitt eget \u00e4mne. I samma veva f\u00f6rlorar hon, utan angivande av sk\u00e4l, sina grundutbildningsmedel. N\u00e5gon tid d\u00e4refter anst\u00e4lls den kvinnliga l\u00e4rarens make som tillsvidareanst\u00e4lld lektor, f\u00f6rst p\u00e5 50% och sedan 100%.<\/p>\n<p>Det ser nu ut som om en kvinnlig professor, som bl.a. handlett 14 doktorander till disputation, utman\u00f6vrerats till f\u00f6rm\u00e5n f\u00f6r en manlig lektor. Vi \u00e5tergav i v\u00e5rt tidigare inl\u00e4gg Moln\u00e1rs tolkning av situationen: makarna ska tidigare ha f\u00e5tt l\u00f6fte om anst\u00e4llning vid SOL, vilket skulle f\u00f6rklara varf\u00f6r Moln\u00e1r m\u00e5ste l\u00e4mna plats f\u00f6r makens anst\u00e4llning. Denna \u201dslutledning till den b\u00e4sta f\u00f6rklaringen\u201d i ett komplicerat \u00e4rende spelade dock en underordnad roll i v\u00e5r beskrivning.<\/p>\n<p>Det fr\u00e5n v\u00e5r synpunkt centrala h\u00e4nder n\u00e4mligen senare. N\u00e4r Moln\u00e1r klagar hos prefekten Anders Ohlsson och dekanen Lynn \u00c5kesson f\u00e5r hon ett \u201ddirektiv\u201d d\u00e4r hon f\u00f6rbjuds ber\u00e4tta om sin tj\u00e4nstg\u00f6ring och arbetssituation\u00a0f\u00f6r andra. Moln\u00e1rs rop p\u00e5 hj\u00e4lp till rektor Torbj\u00f6rn von Schantz f\u00f6rblir obesvarade, trots att von Schantz offentligt f\u00f6rsvarat akademikers yttrandefrihet och nu har m\u00f6jlighet att visa att han lever som han l\u00e4r. Fokus i v\u00e5rt inl\u00e4gg om Moln\u00e1r l\u00e5g p\u00e5 denna fr\u00e5ga om yttrandefriheten.<\/p>\n<p>Vi har f\u00e5tt k\u00e4nnedom om att flera h\u00f6rt av sig till von Schantz efter v\u00e5rt inl\u00e4gg. Han har dock inte ansett det n\u00f6dv\u00e4ndigt att vare sig upph\u00e4va \u201ddirektivet\u201d eller granska behandlingen av Moln\u00e1r. ARW har d\u00e4rf\u00f6r i dagarna JO-anm\u00e4lt universitetet f\u00f6r otill\u00e5ten inskr\u00e4nkning av yttrandefriheten. Vi publicerar v\u00e5r JO-anm\u00e4lan <a href=\"https:\/\/academicrightswatch.se\/wp-content\/uploads\/2016\/08\/JO-anm%C3%A4lan-16-08-18.pdf\">h\u00e4r<\/a>.<\/p>\n<p>V\u00e5r beskrivning av bakgrunden till Moln\u00e1rs \u00e4rende har kritiserats av den kvinnliga l\u00e4rarens make, som k\u00e4nt sig utpekad. Detta trots att vi varken n\u00e4mnde honom eller hans fru vid namn i huvudtexten. Vi skrev dessutom, f\u00f6r s\u00e4kerhets skull, att \u201d[i]ngen betydande skugga faller dock p\u00e5 den man och kvinna som gynnats av de kritiserade tj\u00e4nstetills\u00e4ttningarna utan huvudansvaret ligger givetvis p\u00e5 de agerande cheferna\u201d. D\u00e5 maken sj\u00e4lv valt att offentligg\u00f6ra sitt namn p\u00e5 Facebook kommer vi h\u00e4danefter att f\u00f6lja hans exempel.<\/p>\n<p>Alexander Bareis bestrider inte att Moln\u00e1r f\u00f6rbjudits ber\u00e4tta om sin situation. Ist\u00e4llet menar han, som sagt, att v\u00e5r beskrivning av bakgrunden l\u00e4mnar mycket \u00f6vrigt att \u00f6nska. Hans skrivelse \u00e5terfinns <a href=\"https:\/\/academicrightswatch.se\/wp-content\/uploads\/2016\/08\/Klarg%C3%B6rande-ARW-160820.pdf\">h\u00e4r<\/a>. F\u00f6r att g\u00f6ra en l\u00e5ng historia kort menar Bareis att makarna f\u00e5tt sina nuvarande lektorstj\u00e4nster i \u00f6ppen konkurrens: \u201dVi har b\u00e5da tv\u00e5 f\u00e5tt v\u00e5ra tillsvidaretj\u00e4nster i \u00f6ppna utlysningar i konkurrens, efter sedvanlig granskning av internationella sakkunniga, p\u00e5 goda meriter och fullst\u00e4ndigt i enlighet med h\u00f6gskolelagen.\u201d Det kan d\u00e4rf\u00f6r, enligt Bareis, inte vara korrekt att h\u00e4vda, som ARW gjort, att Moln\u00e1r fr\u00e5ntagits grundutbildningsmedel och omplacerats f\u00f6r att l\u00e4mna plats f\u00f6r Bareis.<\/p>\n<p>ARW har aldrig p\u00e5st\u00e5tt att makan inte skulle ha f\u00e5tt sin tj\u00e4nst annat \u00e4n i \u00f6ppen konkurrens. Vi har unders\u00f6kt Bareis p\u00e5st\u00e5ende om hans egen tillsvidareanst\u00e4llning n\u00e4rmare. Bareis <a href=\"https:\/\/academicrightswatch.se\/wp-content\/uploads\/2016\/08\/Bareis-ansthistorik.pdf\">anst\u00e4llningshistorik<\/a> ger vid handen att han innan han blev halvtidslektor innehade inte mindre \u00e4n 11 kortare f\u00f6rordnanden som vikarierande eller visstidsanst\u00e4lld lektor, fr\u00e5n 2013-09-01 till 2015-12-31. Enligt HT:s administration finns i arkiven tv\u00e5 utlysningar, i ett av fallen med anst\u00e4llningsbeslut. D\u00e5 6 \u00a7 anst\u00e4llningsf\u00f6rordningen kr\u00e4ver utlysning \u00e4ven av kortare tj\u00e4nster finns det sk\u00e4l att tro att det i \u00f6vriga fall r\u00f6r sig om regelvidriga anst\u00e4llningar. LU \u00e4r inget unikum p\u00e5 denna punkt utan m\u00e5nga h\u00f6gskolor, inte minst G\u00f6teborgs universitet, har \u2013 som alla vet \u2013 under l\u00e4ngre tid brutit mot anst\u00e4llningsf\u00f6rordningens utlysningsregler. Enligt uppgifter i <a href=\"http:\/\/universitetslararen.se\/2016\/07\/07\/skandalernas-ar\/\"><em>Universitetsl\u00e4raren<\/em> <\/a>inf\u00f6rde LU nya rutiner h\u00f6sten 2015. Utlysningen med anst\u00e4llningsbeslut \u00e4r fr\u00e5n h\u00f6sten 2015.<\/p>\n<p>Oavsett detta har Bareis r\u00e4tt i att han f\u00e5tt sin nuvarande anst\u00e4llning som lektor i \u00f6ppen utlysning i konkurrens, efter granskning av sakkunniga. Tj\u00e4nsten <a href=\"https:\/\/academicrightswatch.se\/wp-content\/uploads\/2016\/08\/Utlysning.pdf\">utlyses 2014-12-17<\/a>, dvs. strax f\u00f6re julledigheten, som en mindre attraktiv halvtidstj\u00e4nst.\u00a0F\u00f6rutom Bareis inkommer tv\u00e5 personer med ans\u00f6kningar. B\u00e5da sakkunniga placerar Bareis p\u00e5 f\u00f6rsta plats. Valet av\u00a0B\u00e4rbel Westphal som sakkunnig framst\u00e5r som mindre lyckat.\u00a0Westphal var n\u00e4mligen\u00a0opponent p\u00e5 Bareis disputation och skrev sedermera en mycket uppskattande recension av avhandlingen i tidskriften\u00a0<a href=\"https:\/\/academicrightswatch.se\/wp-content\/uploads\/2016\/08\/Review.pdf\"><em>Moderna spr\u00e5k<\/em>\u00a0(2007, s. 179-183)<\/a>. I recensionen beskrivs avhandlingen bl.a. med epiteten \u201dimponerande\u201d (\u201dbeeindruckend\u201d, \u201deindrucksvoll\u201d), \u201domfattande\u201d (\u201dumfassend\u201d) och \u201dinnovativ\u201d. Bareis ska ha gett upphov till en \u201dny ansats\u201d som st\u00e4ller vissa viktiga problem i nytt ljus osv. Westphal verkar f\u00f6r \u00f6vrigt vid Linn\u00e9universitetet och \u00e4r knappast en \u201dinternationell\u201d sakkunnig i vanlig mening.<\/p>\n<p>I ett <a href=\"https:\/\/academicrightswatch.se\/wp-content\/uploads\/2016\/08\/Protokoll.pdf\">protokoll fr\u00e5n l\u00e4rarf\u00f6rslagsn\u00e4mnden 2015-09-30<\/a> f\u00f6resl\u00e5s\u00a0Bareis till innehavare av halvtidslektoratet. Med p\u00e5 m\u00f6tet \u00e4r \u00e4ven SOL-prefekten Anders Ohlsson. En egendomlighet \u00e4r att protokollet inte \u00e4r justerat av vare sig n\u00e4mndens ordf\u00f6rande eller den av m\u00f6tet utsedda justeringspersonen. Anst\u00e4llningsbeslutet kommer 2015-10-22 och \u00e4r undertecknat av bl.a. dekanen Lynn \u00c5kesson.<\/p>\n<p>S\u00e4rskilt intressant i sammanhanget \u00e4r emellertid den<a href=\"https:\/\/academicrightswatch.se\/wp-content\/uploads\/2016\/08\/Ut\u00f6kning.pdf\"> \u201dAnh\u00e5llan om \u00f6kad syssels\u00e4ttningsgrad f\u00f6r Alexander Bareis\u201d<\/a> som institutionen skickar in 2016-04-19. D\u00e4r motiveras n\u00e4mligen en ut\u00f6kning av Bareis lektorat till 100% f\u00f6r att t\u00e4cka behov p\u00e5 grundutbildningsniv\u00e5 bl.a. med h\u00e4nvisning till att det \u201di \u00e4mnet finns nu en professor 100% (aktiv enbart p\u00e5 forskning och spr\u00e5kmastern)\u201d. H\u00e4r motiveras allts\u00e5 en ut\u00f6kning av Bareis lektorat just\u00a0med h\u00e4nvisning till att Moln\u00e1r, den enda professorn i tyska, inte undervisar p\u00e5 grundniv\u00e5. <em>Men det var just detta f\u00f6rh\u00e5llande som s\u00e4kerst\u00e4lldes i det beslut om omplacering av Moln\u00e1r som dekanen och prefekten tidigare fattade<\/em><em> d\u00e4r det fastsl\u00e5s att \u201dVal\u00e9ria Moln\u00e1r inte [ska] bemannas p\u00e5 grundniv\u00e5 i \u00e4mnet tyska\u201d och att \u201d[d]etta beslut g\u00e4ller under resterande delen av Val\u00e9ria Moln\u00e1rs anst\u00e4llning som professor i tyska vid Lunds universitet\u201d<\/em>.<\/p>\n<p>Ut\u00f6kningen bifalles och Bareis har fr\u00e5n 2016-07-01 ett tillsvidaref\u00f6rordnande som lektor p\u00e5 heltid.\u00a0Det \u00e4r intressant att notera att det i institutionens anh\u00e5llan om att f\u00e5 ut\u00f6ka tj\u00e4nsten, p\u00e5pekas att det redan vid Bareis tilltr\u00e4de, stod klart att 50% inte r\u00e4ckte f\u00f6r att t\u00e4cka behovet i tyska. Av det sk\u00e4let till\u00e4ggsf\u00f6rordnades Bareis redan fr\u00e5n b\u00f6rjan av sin tillsvidareanst\u00e4llning och har allts\u00e5 i praktiken haft en heltidstj\u00e4nst.<\/p>\n<p>Mer beh\u00f6ver nog inte s\u00e4gas till st\u00f6d f\u00f6r att en kvinnlig professor trots allt f\u00e5tt stiga \u00e5t sidan f\u00f6r en manlig lektor. Sj\u00e4lvklart ligger ansvaret helt hos de agerande cheferna och inte hos Alexander Bareis sj\u00e4lv.<\/p>\n<p>Med dessa synpunkter avslutas \u00e4rendet f\u00f6r ARW:s del.<\/p>\n<p>EJO\/MZ<\/p>\n<h2><strong>Liknande \u00e4renden<\/strong><\/h2>\n<p><a href=\"https:\/\/academicrightswatch.se\/?p=1857\">ARW publicerar massiv anm\u00e4lan mot G\u00f6teborgs universitet: 95 fall av r\u00e4ttsvidrig anst\u00e4llning inom Humanistisk fakultet<\/a><\/p>\n<p><a href=\"https:\/\/academicrightswatch.se\/?p=1793\">Lunds universitet tar krafttag mot oegentligheter: rektor inf\u00f6r nolltolerans<\/a><\/p>\n<p><a href=\"https:\/\/academicrightswatch.se\/?p=1750\">Autonomireformens b\u00e4st bevarade hemlighet: alla anst\u00e4llningar m\u00e5ste utlysas<\/a><\/p>\n<p><a href=\"https:\/\/academicrightswatch.se\/?p=1298\">Tvivelaktig rekrytering vid Ume\u00e5 universitet: utvecklare av h\u00f6gskoleprovet saknar sj\u00e4lv akademisk examen<\/a><\/p>\n<p><a href=\"https:\/\/academicrightswatch.se\/?p=1095\">Systematiskt j\u00e4v vid Stockholms konstn\u00e4rliga h\u00f6gskolor: cheferna anst\u00e4llde n\u00e4rst\u00e5ende<\/a><\/p>\n<p><a href=\"https:\/\/academicrightswatch.se\/?p=302\">Att f\u00e5 den man vill ha \u2013 administrativ kreativitet vid tj\u00e4nstetills\u00e4ttningar<\/a><\/p>\n","protected":false},"excerpt":{"rendered":"<p>Som ARW kunnat avsl\u00f6ja f\u00f6rbj\u00f6d cheferna lundaprofessorn Val\u00e9ria Moln\u00e1r att ber\u00e4tta om sin situation efter att hon blivit omplacerad och isolerad fr\u00e5n sin avdelning (tyska). Efter fruktl\u00f6sa kontakter med Lunds universitets ledning g\u00e5r vi nu vidare och JO-anm\u00e4ler universitetet f\u00f6r &hellip; <a href=\"https:\/\/academicrightswatch.se\/?p=2324\">Forts\u00e4tt l\u00e4sa <span class=\"meta-nav\">&rarr;<\/span><\/a><\/p>\n","protected":false},"author":3,"featured_media":0,"comment_status":"closed","ping_status":"closed","sticky":false,"template":"","format":"standard","meta":{"footnotes":""},"categories":[191],"tags":[423,299,442,137,138,314,10,243,441,217,440,9],"class_list":["post-2324","post","type-post","status-publish","format-standard","hentry","category-tjanstetillsattningar","tag-anders-ohlsson","tag-anstallningsforordningen","tag-humanistiska-och-teologiska-fakulteterna","tag-jo","tag-justitieombudsmannen","tag-lund-university","tag-lunds-universitet","tag-lynn-akesson","tag-sol-centrum","tag-torbjorn-von-schantz","tag-utlysning-av-tjanst","tag-yttrandefrihet-2"],"_links":{"self":[{"href":"https:\/\/academicrightswatch.se\/index.php?rest_route=\/wp\/v2\/posts\/2324","targetHints":{"allow":["GET"]}}],"collection":[{"href":"https:\/\/academicrightswatch.se\/index.php?rest_route=\/wp\/v2\/posts"}],"about":[{"href":"https:\/\/academicrightswatch.se\/index.php?rest_route=\/wp\/v2\/types\/post"}],"author":[{"embeddable":true,"href":"https:\/\/academicrightswatch.se\/index.php?rest_route=\/wp\/v2\/users\/3"}],"replies":[{"embeddable":true,"href":"https:\/\/academicrightswatch.se\/index.php?rest_route=%2Fwp%2Fv2%2Fcomments&post=2324"}],"version-history":[{"count":8,"href":"https:\/\/academicrightswatch.se\/index.php?rest_route=\/wp\/v2\/posts\/2324\/revisions"}],"predecessor-version":[{"id":2986,"href":"https:\/\/academicrightswatch.se\/index.php?rest_route=\/wp\/v2\/posts\/2324\/revisions\/2986"}],"wp:attachment":[{"href":"https:\/\/academicrightswatch.se\/index.php?rest_route=%2Fwp%2Fv2%2Fmedia&parent=2324"}],"wp:term":[{"taxonomy":"category","embeddable":true,"href":"https:\/\/academicrightswatch.se\/index.php?rest_route=%2Fwp%2Fv2%2Fcategories&post=2324"},{"taxonomy":"post_tag","embeddable":true,"href":"https:\/\/academicrightswatch.se\/index.php?rest_route=%2Fwp%2Fv2%2Ftags&post=2324"}],"curies":[{"name":"wp","href":"https:\/\/api.w.org\/{rel}","templated":true}]}}