{"id":4295,"date":"2020-08-28T14:11:41","date_gmt":"2020-08-28T12:11:41","guid":{"rendered":"https:\/\/academicrightswatch.se\/?p=4295"},"modified":"2020-08-28T16:32:23","modified_gmt":"2020-08-28T14:32:23","slug":"kronika-av-lotta-knutsson-brakenhielm-sexuella-trakasserier-inom-akademin-hur-stort-ar-problemet","status":"publish","type":"post","link":"https:\/\/academicrightswatch.se\/?p=4295","title":{"rendered":"Kr\u00f6nika av Lotta Knutsson Br\u00e5kenhielm: sexuella trakasserier inom akademin \u2013 hur stort \u00e4r problemet?"},"content":{"rendered":"<p><em>Man kan t\u00e4nka sig andra orsaker att s\u00e5 f\u00e5 anm\u00e4ler \u00e4n r\u00e4dsla f\u00f6r repressalier och maktstrukturer. S\u00e4rskilt om man med sexuella trakasserier menar allt fr\u00e5n n\u00e4rg\u00e5ngna blickar till ov\u00e4lkomna komplimanger, inbjudningar och anspelningar som inte upplevs som s\u00e5 allvarliga. Det skriver teologie doktor Lotta Knutsson Br\u00e5kenhielm, ARW:s s\u00e4rskilda kr\u00f6nik\u00f6r i j\u00e4mst\u00e4lldhetsfr\u00e5gor.<\/em><\/p>\n<p><!--more--><\/p>\n<p><strong>\u00a0<\/strong>\u201dEn lektor, sedermera professor, hade den egenheten att han kallade alla kvinnor som kommit upp sig vid fakulteten f\u00f6r \u2019kuksugare\u201d (\u00e5tf\u00f6ljt av namnet p\u00e5 den hon skulle ha sugit p\u00e5), \u2019dyngfittor\u2019 och annat liknande. \u00a0Han visade k\u00f6net inf\u00f6r studenter, kallade studenter f\u00f6r horor vid diplomeringsbalen och s\u00f6kte sedan sin professur.\u201d<\/p>\n<p>Episoden \u00e4r h\u00e4mtad ur det #metoo-upprop som publicerades i november 2017: #Akamediuppropet, undertecknat av 2 400 kvinnor verksamma vid svenska universitet och h\u00f6gskolor. Undertecknarna av uppropet \u201dkr\u00e4ver\u00a0att den sexism som kvinnor uts\u00e4tts f\u00f6r inom akademin tas p\u00e5 allvar och f\u00e5r ett slut\u201d.\u00a0 Kravet \u00e4r sj\u00e4lvfallet befogat p\u00e5 s\u00e5 s\u00e4tt att ingen (kvinna eller man) ska beh\u00f6va uts\u00e4ttas f\u00f6r sexism och trakasserier vare sig inom akademin eller n\u00e5gon annanstans.<\/p>\n<p>Skrivelsen inneh\u00e5ller flera exempel (sammanlagt 18) p\u00e5 oacceptabelt beteende. Till de mindre uppr\u00f6rande \u00e4n exemplet ovan h\u00f6r f\u00f6ljande: \u201dVi hade inte personalfester f\u00f6r en av professorerna brukade tafsa p\u00e5 den administrativa personalen s\u00e5 det gick inte att ha fester. Det fanns ingen tanke p\u00e5 att s\u00e4ga \u00e5t honom, utan festerna st\u00e4lldes helt sonika in.\u201d<\/p>\n<p>I uppropet p\u00e5pekas att \u201ddetta \u00e4r ett strukturellt problem och att det \u00e5terfinns p\u00e5 samtliga fakulteter och l\u00e4ros\u00e4ten i Sverige\u201d. Man kr\u00e4ver \u201datt chefer och universitetsledningar ser till att kvinnor forts\u00e4ttningsvis inte blir dubbelt bestraffade och tvingas l\u00e4mna universiteten och sina karri\u00e4rer medan de manliga f\u00f6r\u00f6varna, utan repressalier, till\u00e5ts forts\u00e4tta trakassera kvinnliga kollegor och studenter\u201d.<\/p>\n<p>L\u00e5t oss backa n\u00e5gra decennier. Filosofen Torbj\u00f6rn T\u00e4nnsj\u00f6 ber\u00e4ttar i sin sj\u00e4lvbiografi <em>V\u00e4nsterdocenten<\/em><a href=\"\/\/2E4CF7C0-4844-41F8-8A50-CAA566E86ACD#_ftn1\" name=\"_ftnref1\">[1]<\/a> om hur det gick till p\u00e5 Filosofiska institutionen i Stockholm p\u00e5 70-talet:<\/p>\n<blockquote><p><em>Sjuttiotalet var en period av uppsluppna och \u00f6verd\u00e5diga fester med hela den filosofiska institutionen, dess l\u00e4rare och elever. \/\u2026\/m\u00e5nga l\u00e4rare vid institutionen aldrig tvekade att f\u00f6rf\u00f6ra,\u00a0 eller \u201dl\u00e5ta sig\u201d f\u00f6rf\u00f6ras av, de kvinnliga studenterna. Det var aldrig n\u00e5gon som \u00f6ppet ifr\u00e5gasatte detta f\u00f6rh\u00e5llande \/\u2026\/ Hade n\u00e5gon gjort inv\u00e4ndningar skulle dessa ha avvisats s\u00e5som bottnande i pryderi. Denna form av institutionaliserad erotik vid en plats, d\u00e4r endast manliga l\u00e4rare arbetade, cementerade ett f\u00e4ste f\u00f6r manlig chauvinism. Kvinnliga studerande kunde n\u00e5 posten som sexuellt och emotionellt utnyttjade amanuenser, men n\u00e5gon seri\u00f6s filosofisk karri\u00e4rv\u00e4g stod inte \u00f6ppen f\u00f6r dem. Det har tagit \u00e5rtionden att bryta den traditionen.<a href=\"\/\/2E4CF7C0-4844-41F8-8A50-CAA566E86ACD#_ftn2\" name=\"_ftnref2\">[2]<\/a><\/em><\/p><\/blockquote>\n<p>S\u00e5 kunde det se ut d\u00e5, och s\u00e4kert \u00e4ven p\u00e5 andra institutioner \u00e4n den filosofiska. Kvinnor f\u00f6rv\u00e4ntades helt enkelt inte komma s\u00e4rskilt l\u00e5ngt i sin akademiska karri\u00e4r.<\/p>\n<p>Mycket har h\u00e4nt sedan dess, men som bekant h\u00e4vdas att problemet med sexuella trakasserier \u2013 ett begrepp som knappast fanns p\u00e5 70-talet \u2013 fortfarande \u00e4r utbrett, vilket blev tydligt i den metoo-v\u00e5g som drog \u00f6ver v\u00e4rlden f\u00f6r ett par \u00e5r sedan.<\/p>\n<p>Fr\u00e5gan \u00e4r dock hur pass utbrett problemet \u00e4r? Hur m\u00e5nga kvinnor blir \u201dbestraffade\u201d? Hur m\u00e5nga \u201df\u00f6r\u00f6vare\u201d g\u00e5r fria? Undertecknarna av Akademiuppropet utg\u00f6r 6% av samtliga kvinnor inom akademin, 14% om man r\u00e4knar endast undervisande och forskande kvinnor. Vilka som sj\u00e4lva har drabbats och vilka som skrivit under av sympati f\u00f6r dem som drabbats eller f\u00f6r att man st\u00e4ller upp p\u00e5 kravet att inte acceptera sexuella trakasserier (vem g\u00f6r f\u00f6r \u00f6vrigt inte det?) framg\u00e5r inte.<\/p>\n<p>L\u00e5t mig, innan jag g\u00e5r vidare, vara tydlig med att trakasserier i betydelsen handling som avsiktligt kr\u00e4nker n\u00e5gons v\u00e4rdighet, aldrig \u00e4r ok; <em>en<\/em> s\u00e5dan handling \u00e4r en f\u00f6r mycket. (Ett problem i sammanhanget \u00e4r dock vad som ska r\u00e4knas hit, vilket jag \u00e5terkommer till.) Jag menar ocks\u00e5 att alla ber\u00e4ttelser av den typ som f\u00f6rekommer i metoo-uppropen m\u00e5ste tas p\u00e5 allvar. Det \u00e4r s\u00e5ledes skillnad mellan att n\u00e5got \u00e4r <em>allvarligt<\/em> (en v\u00e5ldt\u00e4kt till exempel \u00e4r alltid allvarlig) och att n\u00e5got \u00e4r <em>utbrett<\/em>. Det \u00e4r det senare jag intresserar mig f\u00f6r h\u00e4r. F\u00f6r det tredje \u00e4r jag medveten om att, \u00e4ven om mycket h\u00e4nt sedan 70-talet, det s\u00e4kert \u00e5terst\u00e5r en hel del att g\u00f6ra f\u00f6r att komma tillr\u00e4tta med trakasserier och diskriminering.<\/p>\n<p>En som f\u00f6rs\u00f6kt skaffa sig en mer nyanserad bild av situationen \u00e4r Fredrik Svenaeus, filosof och professor vid S\u00f6dert\u00f6rns h\u00f6gskola. I en debattartikel i <em>Svenska<\/em> <em>Dagbladet<\/em><a href=\"\/\/2E4CF7C0-4844-41F8-8A50-CAA566E86ACD#_ftn3\" name=\"_ftnref3\">[3]<\/a> st\u00e4ller han de fr\u00e5gor jag tagit upp ovan men \u00e4ven om vilken slags trakasserier anklagelserna g\u00e4ller: v\u00e5ldt\u00e4kt, tafsande, sexuellt neds\u00e4ttande kommentarer, ov\u00e4lkommen uppvaktning eller att kvinnan k\u00e4nt sig diskriminerad i karri\u00e4ren. Han menar att vi \u201dm\u00e5ste b\u00f6rja st\u00e4lla fr\u00e5gor om hur m\u00e5nga m\u00e4n det r\u00f6r sig om, i vilka grupper och vad de egentligen i respektive fall har gjort sig skyldiga till i\u00a0st\u00e4llet f\u00f6r att explicit eller implicit skuldf\u00f6rklara alla m\u00e4n\u201d. (Artikeln ledde till att vissa av kollegorna slutade h\u00e4lsa p\u00e5 honom, vilket visar det infekterade i hela denna fr\u00e5ga.) <a href=\"\/\/2E4CF7C0-4844-41F8-8A50-CAA566E86ACD#_ftn4\" name=\"_ftnref4\">[4]<\/a><\/p>\n<p>I ett svar<a href=\"\/\/2E4CF7C0-4844-41F8-8A50-CAA566E86ACD#_ftn5\" name=\"_ftnref5\">[5]<\/a> p\u00e5 kritiken av artikeln h\u00e4nvisar han till en unders\u00f6kning gjord av Arbetsmilj\u00f6verket 2016 som visar att 3 % av alla kvinnor i arbetslivet utsatts f\u00f6r sexuella trakasserier av chefer eller arbetskamrater det senaste \u00e5ret. Detta \u00e4r f\u00f6rvisso fler \u00e4n m\u00e4nnen av vilka endast 1 % svarar ja p\u00e5 fr\u00e5gan, men det \u00e4r \u00e4nd\u00e5 ingen alarmerande h\u00f6g siffra, och det g\u00e4ller som sagt alla arbetsplatser av vilka vissa torde vara mer utsatta \u00e4n universitet och h\u00f6gskolor. Svenaeus p\u00e5pekar \u00e4ven att <strong>\u201d\/i\/ngen skillnad har<\/strong>\u00a0gjorts i unders\u00f6kningen mellan olika saker som kan klassificeras som sexuella trakasserier om kvinnan upplever dem s\u00e5: kroppslig ber\u00f6ring, o\u00f6nskad uppvaktning, neds\u00e4ttande kommentarer eller obehagliga blickar\u201d.<\/p>\n<p>Det finns \u00e4ven andra siffror som pekar mot att problemet inte \u00e4r fullt s\u00e5 utbrett som man kan f\u00e5 intrycket av efter metoo-r\u00f6relsen. Vid Chalmers till exempel uppger en halv procent att de utsatts f\u00f6r sexuella trakasserier under 2018, en tydlig minskning fr\u00e5n 2005 d\u00e5 19% uppgett att de utsatts.<a href=\"\/\/2E4CF7C0-4844-41F8-8A50-CAA566E86ACD#_ftn6\" name=\"_ftnref6\">[6]<\/a> Betydande f\u00f6rb\u00e4ttringar har s\u00e5ledes skett p\u00e5 Chalmers p\u00e5 bara 13 \u00e5r, och f\u00e5 institutioner, om n\u00e5gon, torde vara s\u00e5 \u201dgubbiga\u201d som Stockholmsfilosofen p\u00e5 70-talet.<a href=\"\/\/2E4CF7C0-4844-41F8-8A50-CAA566E86ACD#_ftn7\" name=\"_ftnref7\">[7]<\/a><\/p>\n<p>Ett stort problem \u00e4r som antytts att f\u00e5 fram r\u00e4ttvisande siffror. Enligt en enk\u00e4t 2019 om arbetsf\u00f6rh\u00e5llandena vid Lunds universitet framkommer att var fj\u00e4rde kvinna som besvarat enk\u00e4ten uppger sig ha utsatts f\u00f6r sexuella trakasserier n\u00e5gon g\u00e5ng under sin anst\u00e4llning; (av m\u00e4nnen \u00e4r det 7%).<a href=\"\/\/2E4CF7C0-4844-41F8-8A50-CAA566E86ACD#_ftn8\" name=\"_ftnref8\">[8]<\/a> R\u00e4knar man perioden de senaste tre \u00e5ren sjunker siffran n\u00e5got: 17% av kvinnorna (och 4% av m\u00e4nnen). Detta \u00e4r f\u00f6rst\u00e5s anm\u00e4rkningsv\u00e4rt h\u00f6ga siffror, men det \u00e4r \u00e4nd\u00e5 os\u00e4kert vilka slutsatser man ska dra med tanke p\u00e5 att svarsfrekvensen var s\u00e5 l\u00e5g som 34%. M\u00f6jligheterna att generalisera utifr\u00e5n en s\u00e5 l\u00e5g svarsfrekvens<a href=\"\/\/2E4CF7C0-4844-41F8-8A50-CAA566E86ACD#_ftn9\" name=\"_ftnref9\">[9]<\/a> \u00e4r starkt begr\u00e4nsade, \u00e5tminstone om ingen bortfallsanalys gjorts.<\/p>\n<p>Anm\u00e4lningarna \u00e4r dock mycket f\u00e5 (ett par om \u00e5ret). I ett debattinl\u00e4gg med anledning av enk\u00e4tresultaten p\u00e5pekar Anette Agardh, projektledare f\u00f6r Tellus som genomf\u00f6rt enk\u00e4ten, och Torbj\u00f6rn von Schantz, rektor f\u00f6r Lunds universitet:<\/p>\n<blockquote><p><em>Vad det beror p\u00e5 \u00e4r n\u00e5got alla universitetets verksamheter beh\u00f6ver diskutera mer fram\u00f6ver. S\u00e5v\u00e4l anst\u00e4llda som studenter tycker det \u00e4r sv\u00e5rt att veta vad som utg\u00f6r sexuella trakasserier och n\u00e4r det \u00e4r befogat att g\u00f6ra en anm\u00e4lan. \u00c4ven oro \u00f6ver vilka konsekvenserna blir f\u00f6r den som anm\u00e4ler och den som blir anm\u00e4ld diskuteras, liksom hur kollegiala strukturer och interna maktstrukturer kan p\u00e5verka hur en anm\u00e4lan hanteras.<a href=\"\/\/2E4CF7C0-4844-41F8-8A50-CAA566E86ACD#_ftn10\" name=\"_ftnref10\">[10]<\/a><\/em><\/p><\/blockquote>\n<p>R\u00e4dsla f\u00f6r repressalier och maktstrukturer skulle s\u00e5ledes utg\u00f6ra orsaker till att s\u00e5 f\u00e5 anm\u00e4ler. Men kan man inte t\u00e4nka sig att det finns andra orsaker? Kanske \u00e4r det s\u00e5 att de sexuella trakasserierna i m\u00e5nga (de flesta?) fall \u00e4r av den arten att de i sj\u00e4lva situationen inte upplevs s\u00e5 allvarliga att de f\u00f6ranleder en anm\u00e4lan. Som \u201dsexuella trakasserier\u201d r\u00e4knas n\u00e4mligen s\u00e5dant som \u201dn\u00e4rg\u00e5ngna blickar \/\u2026\/ ov\u00e4lkomna komplimanger, inbjudningar och anspelningar\u201d. Det kan handla om ov\u00e4lkomna f\u00f6rslag till en dejt eller ov\u00e4lkommen kontakt via telefon eller mejl. Man p\u00e5pekar \u00e4ven att trakasserier kan vara \u201dn\u00e4stan om\u00e4rkbara h\u00e4ndelser som p\u00e5g\u00e5r under en tid, s\u00e5 kallade mikroaggressioner\u201d. (Endast tre av 30 fr\u00e5gor r\u00f6r handlingar som m\u00e5ste r\u00e4knas som v\u00e5ldt\u00e4kt.) N\u00e4r man senare ska besvara en enk\u00e4t d\u00e4r s\u00e5dana handlingar uttryckligen definieras som sexuella trakasserier s\u00e5 klickar man i ja-rutan.<a href=\"\/\/2E4CF7C0-4844-41F8-8A50-CAA566E86ACD#_ftn11\" name=\"_ftnref11\">[11]<\/a><\/p>\n<p>I ett svar<a href=\"\/\/2E4CF7C0-4844-41F8-8A50-CAA566E86ACD#_ftn12\" name=\"_ftnref12\">[12]<\/a> p\u00e5 artikeln p\u00e5pekar Erik J. Olsson, professor i teoretisk filosofi vid Lunds universitet, att det endast \u00e4r ett f\u00f6rsvinnande l\u00e5gt antal personer som s\u00e4ger sig utsatts under det senaste \u00e5ret och knappt n\u00e5gon s\u00e4ger sig har blivit utsatt f\u00f6r direkta \u00f6vergrepp:<\/p>\n<blockquote><p><em>Det finns ingen brist p\u00e5 vetenskapliga utredningar om f\u00f6rekomsten av sexuella trakasserier vid svenska universitet och h\u00f6gskolor. \/&#8212;\/ Det sammantagna resultatet av studierna tyder p\u00e5 att ungef\u00e4r 1\u20132 procent av alla kvinnor och knappt 1 procent av alla m\u00e4n s\u00e4ger att de utsatts det senaste \u00e5ret. I s\u00e5 gott som alla fall r\u00f6r det sig om \u201do\u00f6nskad uppvaktning\u201d, n\u00e5got m\u00e5nga inte ens skulle se som trakasseri d\u00e4rf\u00f6r att det saknas upps\u00e5t att trakassera (orsaka psykiskt lidande). Egentliga \u00f6vergrepp f\u00f6rekommer endast undantagsvis.<\/em><\/p><\/blockquote>\n<p>Det tycks s\u00e5ledes r\u00f6ra sig om t\u00e4mligen harml\u00f6sa handlingar och bekr\u00e4ftar de intryck jag redog\u00f6r f\u00f6r ovan. Dessa handlingar \u00e4r visserligen inte ok \u2013 men vill vi verkligen ha ett samh\u00e4lle d\u00e4r man anm\u00e4ler en person f\u00f6r ett plumpt uttalande eller o\u00f6nskad uppvaktning?<\/p>\n<p>Jag har ovan pekat p\u00e5 problemet med att inte skilja mellan olika slags sexuella trakasserier. Begreppet rymmer s\u00e5v\u00e4l uppenbart kriminella handlingar som s\u00e5dant som kanske snarast kan betecknas som etikettsbrott. Resultaten av unders\u00f6kningar om hur m\u00e5nga som blivit utsatta kan bli h\u00f6gst olika beroende p\u00e5 vilken typ av p\u00e5st\u00e5dda trakasserier det r\u00f6r sig om.<\/p>\n<p>Enligt enk\u00e4tunders\u00f6kningen <em>Slagen dam. M\u00e4ns v\u00e5ld mot kvinnor i j\u00e4mst\u00e4llda Sverige &#8211; en<\/em> <em>omf\u00e5ngsunders\u00f6kning <\/em>fr\u00e5n 2001, har 56% av alla kvinnor n\u00e5gon g\u00e5ng blivit utsatta f\u00f6r sexuella trakasserier, 16% under det senaste \u00e5ret. <a href=\"\/\/2E4CF7C0-4844-41F8-8A50-CAA566E86ACD#_ftn13\" name=\"_ftnref13\">[13]<\/a>\u00a0 Hit h\u00f6r s\u00e5dant som \u201derfarenheter av att n\u00e5gon man genom p\u00e5tr\u00e4ngande fysisk n\u00e4rhet betett sig p\u00e5 ett s\u00e4tt som hon upplevt som obehagligt\u201d. Och \u201d\/v\/ar femte kvinna uppger att hon k\u00e4nt sig illa till mods av att en man upprepade g\u00e5nger har fr\u00e5gat om de kunde ses och inte accepterat ett nej som svar.\u201d<\/p>\n<p>Att \u00f6ver h\u00e4lften av alla kvinnor skulle ha utsatts f\u00f6r \u201dm\u00e4ns v\u00e5ld\u201d \u00e4r naturligtvis chockartat, men dels \u00e4r det inte s\u00e4kert att l\u00e4get \u00e4r s\u00e5 allvarligt nu efter n\u00e4stan 20 \u00e5r, dels \u2013 och framf\u00f6r allt \u2013 s\u00e5 \u00e4r det problematiskt att \u00e4ven f\u00f6rh\u00e5llandevis oskyldiga handlingar r\u00e4knas hit. (Enk\u00e4ten g\u00e4ller ocks\u00e5 generellt och inte specifikt den akademiska milj\u00f6n.) F\u00f6rfattarna sj\u00e4lva anv\u00e4nder begreppet \u201dv\u00e5ldets kontinuum\u201d f\u00f6r att markera att man inte kan dra skarpa gr\u00e4nser mellan s\u00e5dant som obehagliga blickar och rena v\u00e5ldshandlingar. Detta har f\u00f6rfattarna \u00e4ven kritiserats f\u00f6r:<\/p>\n<blockquote><p><em>Id\u00e9n om v\u00e5ldets kontinuum s\u00e4gs ge sammanhang \u00e5t de skilda yttringarna av v\u00e5ld mot kvinnor. Det g\u00f6r det m\u00f6jligt att f\u00f6ra in \u00e4ven s\u00e5dant som hot och trakasserier, s\u00e5dant som juridiken inte klassificerar som v\u00e5ld, i samma sammanhang som de riktigt grova formerna av v\u00e5ld mot kvinnor. Detta s\u00e4tt att resonera \u00e4r begripligt, och det g\u00e5r d\u00e5 \u00e4ven att f\u00f6rst\u00e5 varf\u00f6r Lundgren m.fl. d\u00e4rmed i j\u00e4mf\u00f6relse med tidigare forskning finner det motiverat att \u201dbl\u00e5sa upp\u201d siffrorna f\u00f6r v\u00e5ld mot kvinnor. Det pris man f\u00e5r betala f\u00f6r detta \u00e4r emellertid att de egna skattningarna av v\u00e5ldets omfattning blir sv\u00e5ra att bed\u00f6ma.<a href=\"\/\/2E4CF7C0-4844-41F8-8A50-CAA566E86ACD#_ftn14\" name=\"_ftnref14\">[14]<\/a><\/em><\/p><\/blockquote>\n<p>Sammanfattningsvis skulle jag vilja p\u00e5peka att 1) \u00e4ven om sexuella trakasserier aldrig \u00e4r ok, s\u00e5 \u00e4r alla former (av det som kallas sexuella trakasserier) inte lika allvarliga; 2) hur man formulerar fr\u00e5gorna i en enk\u00e4t som vill unders\u00f6ka problemets omfattning, p\u00e5verkar i h\u00f6g grad de resultat man kommer fram till; och 3) n\u00e4r det g\u00e4ller ytterst allvarliga kr\u00e4nkningar tycks de ha minskat under \u00e5ren, och siffror pekar mot att de nu endast \u00e4r ytterst f\u00e5 (\u00e4ven om <em>en<\/em> s\u00e5dan handling \u00e4r en f\u00f6r mycket).<\/p>\n<p>I alla sammanhang d\u00e4r m\u00e4nniskor kommer samman, inom yrkeslivet, privat eller i f\u00f6reningar av olika slag finns naturligtvis m\u00f6jligheten att det uppst\u00e5r tycken och erotiska sp\u00e4nningar. Att det i ett s\u00e5dant l\u00e4ge h\u00e4nder att man g\u00f6r ett n\u00e4rmande mot n\u00e5gon man \u00e4r intresserad av \u00e4r ganska naturligt. Detta g\u00e4ller s\u00e5v\u00e4l kvinnor som m\u00e4n. M\u00e4n har dock en evolution\u00e4rt utvecklad tendens att \u00f6verskatta sin egen attraktionskraft och en kvinnas sexuella intresse, och denna uppvaktning kan d\u00e4rf\u00f6r, om intresse hos motparten saknas, uppfattas som plumpt och p\u00e5tr\u00e4ngande. Men \u00e4ven den som uts\u00e4tts f\u00f6r o\u00f6nskade n\u00e4rmanden har ett ansvar att tydligt visa sitt avst\u00e5ndstagande.<a href=\"\/\/2E4CF7C0-4844-41F8-8A50-CAA566E86ACD#_ftn15\" name=\"_ftnref15\">[15]<\/a><\/p>\n<p>Att en l\u00e4rare kallar sina studenter f\u00f6r k\u00f6nsord och offentligt sl\u00e4nger fram sina genitalier \u00e4r sj\u00e4lvfallet helt oacceptabelt, om \u00e4n troligen inte s\u00e5 vanligt. Att en l\u00e4rare blir berusad p\u00e5 en personalfest och beter sig n\u00e4rg\u00e5nget och t\u00f6lpaktigt, kanske till f\u00f6ljd av d\u00e5ligt \u00f6lsinne, \u00e4r f\u00f6rst\u00e5s inte ok men ett s\u00e5dant problem borde kunna l\u00f6sas enklare \u00e4n genom att upph\u00f6ra med festerna, fester som i b\u00e4sta fall kan ge utm\u00e4rkta tillf\u00e4llen till fullt acceptabel kurtis, kanske till och med till en livsl\u00e5ng k\u00e4rleksrelation.<\/p>\n<p>Lotta Knutsson Br\u00e5kenhielm, TD i religionsfilosofi<\/p>\n<p><a href=\"https:\/\/academicrightswatch.se\/?page_id=2002\" target=\"_blank\" rel=\"noopener noreferrer\">\u2666 Gillade du det du nyss l\u00e4ste? St\u00f6d v\u00e5r verksamhet! Nu ocks\u00e5 via Patreon! \u2666<\/a><\/p>\n<h2>Noter<\/h2>\n<p><a href=\"\/\/2E4CF7C0-4844-41F8-8A50-CAA566E86ACD#_ftnref1\" name=\"_ftn1\">[1]<\/a> Fri tanke f\u00f6rlag<\/p>\n<p><a href=\"\/\/2E4CF7C0-4844-41F8-8A50-CAA566E86ACD#_ftnref2\" name=\"_ftn2\">[2]<\/a> Sid 86<\/p>\n<p><a href=\"\/\/2E4CF7C0-4844-41F8-8A50-CAA566E86ACD#_ftnref3\" name=\"_ftn3\">[3]<\/a> \u201dH\u00e5ll huvudet kallt \u2013 finns risker med #metoo\u201d, 2017-12-11<\/p>\n<p><a href=\"\/\/2E4CF7C0-4844-41F8-8A50-CAA566E86ACD#_ftnref4\" name=\"_ftn4\">[4]<\/a> Se t.ex. hans bok <em>Det naturliga<\/em>, sid 117 ff.<\/p>\n<h3><a href=\"\/\/2E4CF7C0-4844-41F8-8A50-CAA566E86ACD#_ftnref5\" name=\"_ftn5\">[5]<\/a> \u201dProblematiskt att f\u00e5 v\u00e5gar st\u00e4lla fr\u00e5gor om metoo\u201d, 2017-12-20<\/h3>\n<p><a href=\"\/\/2E4CF7C0-4844-41F8-8A50-CAA566E86ACD#_ftnref6\" name=\"_ftn6\">[6]<\/a> <em>Genusdoktrinen<\/em>, sid 229f<\/p>\n<p><a href=\"\/\/2E4CF7C0-4844-41F8-8A50-CAA566E86ACD#_ftnref7\" name=\"_ftn7\">[7]<\/a> Enligt uppgift \u00e4r fr\u00e5n Uppsala universitet anser 3-5 % att de upplevt sexuella trakasserier eller diskriminerande s\u00e4rbehandling.<\/p>\n<p><a href=\"\/\/2E4CF7C0-4844-41F8-8A50-CAA566E86ACD#_ftnref8\" name=\"_ftn8\">[8]<\/a> <a href=\"https:\/\/www.lu.se\/article\/tellus-visar-betydande-andel-har-utsatts-for-sexuella-trakasserier\">https:\/\/www.lu.se\/article\/tellus-visar-betydande-andel-har-utsatts-for-sexuella-trakasserier<\/a><\/p>\n<p><a href=\"\/\/2E4CF7C0-4844-41F8-8A50-CAA566E86ACD#_ftnref9\" name=\"_ftn9\">[9]<\/a> Man brukar s\u00e4ga att minst 50 % kr\u00e4vs, men helst tv\u00e5 tredjedelar.<\/p>\n<p><a href=\"\/\/2E4CF7C0-4844-41F8-8A50-CAA566E86ACD#_ftnref10\" name=\"_ftn10\">[10]<\/a> <a href=\"https:\/\/www.sydsvenskan.se\/2020-02-12\/en-betydande-andel-vid-lunds-universitet-har-varit-med-om-sexuella-trakasserier\">https:\/\/www.sydsvenskan.se\/2020-02-12\/en-betydande-andel-vid-lunds-universitet-har-varit-med-om-sexuella-trakasserier<\/a><\/p>\n<p><a href=\"\/\/2E4CF7C0-4844-41F8-8A50-CAA566E86ACD#_ftnref11\" name=\"_ftn11\">[11]<\/a> Slutrapporten av enk\u00e4ten kommer att presenteras i slutet av september.<\/p>\n<p><a href=\"\/\/2E4CF7C0-4844-41F8-8A50-CAA566E86ACD#_ftnref12\" name=\"_ftn12\">[12]<\/a> <a href=\"https:\/\/www.sydsvenskan.se\/2020-02-19\/sexuella-trakasserier-vid-lunds-universitet-verkar-mycket-allvarligare-an-vad-de-ar\">https:\/\/www.sydsvenskan.se\/2020-02-19\/sexuella-trakasserier-vid-lunds-universitet-verkar-mycket-allvarligare-an-vad-de-ar<\/a><\/p>\n<p><a href=\"\/\/2E4CF7C0-4844-41F8-8A50-CAA566E86ACD#_ftnref13\" name=\"_ftn13\">[13]<\/a> <a href=\"https:\/\/www.brottsoffermyndigheten.se\/Filer\/B%C3%B6cker\/Slagen%20dam.pdf\">https:\/\/www.brottsoffermyndigheten.se\/Filer\/B%C3%B6cker\/Slagen%20dam.pdf<\/a> , sid 63<\/p>\n<p><a href=\"\/\/2E4CF7C0-4844-41F8-8A50-CAA566E86ACD#_ftnref14\" name=\"_ftn14\">[14]<\/a> <a href=\"https:\/\/www.vof.se\/wp-content\/uploads\/2014\/04\/Granskarnas_rapport.pdf\">https:\/\/www.vof.se\/wp-content\/uploads\/2014\/04\/Granskarnas_rapport.pdf<\/a>\u00a0 , sid 16<\/p>\n<p><a href=\"\/\/2E4CF7C0-4844-41F8-8A50-CAA566E86ACD#_ftnref15\" name=\"_ftn15\">[15]<\/a> Detta p\u00e5pekas ocks\u00e5 i lagen: \u201dF\u00f6r att det ska beskrivas som sexuella trakasserier m\u00e5ste den som trakasserar vara inf\u00f6rst\u00e5dd med hur beteendet upplevs. D\u00e4rf\u00f6r m\u00e5ste den som upplever sig som trakasserad klarg\u00f6ra att beteendet \u00e4r o\u00f6nskat. D\u00e4remot finns det givetvis situationer d\u00e4r den sexuella anspelningen \u00e4r s\u00e5 tydlig att det inte kr\u00e4ver n\u00e5got f\u00f6rtydligande.\u201d<\/p>\n","protected":false},"excerpt":{"rendered":"<p>Man kan t\u00e4nka sig andra orsaker att s\u00e5 f\u00e5 anm\u00e4ler \u00e4n r\u00e4dsla f\u00f6r repressalier och maktstrukturer. S\u00e4rskilt om man med sexuella trakasserier menar allt fr\u00e5n n\u00e4rg\u00e5ngna blickar till ov\u00e4lkomna komplimanger, inbjudningar och anspelningar som inte upplevs som s\u00e5 allvarliga. Det &hellip; <a href=\"https:\/\/academicrightswatch.se\/?p=4295\">Forts\u00e4tt l\u00e4sa <span class=\"meta-nav\">&rarr;<\/span><\/a><\/p>\n","protected":false},"author":3,"featured_media":0,"comment_status":"closed","ping_status":"closed","sticky":false,"template":"","format":"standard","meta":{"footnotes":""},"categories":[1],"tags":[836,643],"class_list":["post-4295","post","type-post","status-publish","format-standard","hentry","category-uncategorized","tag-lotta-knutsson-brakenhielm","tag-sexuella-trakasserier"],"_links":{"self":[{"href":"https:\/\/academicrightswatch.se\/index.php?rest_route=\/wp\/v2\/posts\/4295","targetHints":{"allow":["GET"]}}],"collection":[{"href":"https:\/\/academicrightswatch.se\/index.php?rest_route=\/wp\/v2\/posts"}],"about":[{"href":"https:\/\/academicrightswatch.se\/index.php?rest_route=\/wp\/v2\/types\/post"}],"author":[{"embeddable":true,"href":"https:\/\/academicrightswatch.se\/index.php?rest_route=\/wp\/v2\/users\/3"}],"replies":[{"embeddable":true,"href":"https:\/\/academicrightswatch.se\/index.php?rest_route=%2Fwp%2Fv2%2Fcomments&post=4295"}],"version-history":[{"count":6,"href":"https:\/\/academicrightswatch.se\/index.php?rest_route=\/wp\/v2\/posts\/4295\/revisions"}],"predecessor-version":[{"id":4301,"href":"https:\/\/academicrightswatch.se\/index.php?rest_route=\/wp\/v2\/posts\/4295\/revisions\/4301"}],"wp:attachment":[{"href":"https:\/\/academicrightswatch.se\/index.php?rest_route=%2Fwp%2Fv2%2Fmedia&parent=4295"}],"wp:term":[{"taxonomy":"category","embeddable":true,"href":"https:\/\/academicrightswatch.se\/index.php?rest_route=%2Fwp%2Fv2%2Fcategories&post=4295"},{"taxonomy":"post_tag","embeddable":true,"href":"https:\/\/academicrightswatch.se\/index.php?rest_route=%2Fwp%2Fv2%2Ftags&post=4295"}],"curies":[{"name":"wp","href":"https:\/\/api.w.org\/{rel}","templated":true}]}}