{"id":4714,"date":"2021-09-03T09:51:22","date_gmt":"2021-09-03T07:51:22","guid":{"rendered":"https:\/\/academicrightswatch.se\/?p=4714"},"modified":"2021-09-03T16:28:38","modified_gmt":"2021-09-03T14:28:38","slug":"ny-youtube-serie-om-akademisk-frihet-feminin-kultur-leder-till-okad-kanslighet-inom-akademin","status":"publish","type":"post","link":"https:\/\/academicrightswatch.se\/?p=4714","title":{"rendered":"Ny Youtube-serie om akademisk frihet: \u201dFeminin kultur leder till \u00f6kad k\u00e4nslighet inom akademin\u201d"},"content":{"rendered":"<p class=\"Standard\"><i>Vi ser en \u00f6kad k\u00e4nslighet inom akademin mot id\u00e9er som anses farliga eller sv\u00e5ra att hantera. Samtidigt sker det en \u00f6kning av andelen kvinnor inom h\u00f6gskolan. Det s\u00e4ger ARW:s Erik J Olsson i en ny intervju p\u00e5 Youtube. Som motreaktion f\u00f6resl\u00e5r han bl.a. att l\u00e4ros\u00e4tena antar Chicago-deklarationen om yttrandefrihet p\u00e5 campus. Intervjun \u00e4r den f\u00f6rsta i den nystartade serien In-Depth Conversations om akademisk frihet modererad av filosofidoktoranden Melina Tsapos.<\/i><\/p>\n<p><!--more--><\/p>\n<p class=\"Standard\">Academic Rights Watch har dokumenterat m\u00e5nga fall d\u00e4r studenter och andra reagerar p\u00e5 yttranden som de anses vara kr\u00e4nkande eller av andra sk\u00e4l oacceptabla. K\u00e4nda fall i Lund involverar <a href=\"https:\/\/academicrightswatch.se\/?p=3413\">Germund Hesslow<\/a>&nbsp;och <a href=\"https:\/\/academicrightswatch.se\/?p=4038\">Johan Grant<\/a>. Hesslow hade f\u00f6rel\u00e4st om biologiska k\u00f6nsskillnader, medan Grants seminarium p\u00e5 psykologprogrammet gav vissa deltagare \u201dpanik\u00e5ngest\u201d. I Uppsala utspelade sig <a href=\"https:\/\/academicrightswatch.se\/?p=4421\">n-ordsaff\u00e4ren<\/a>&nbsp;kring Inga-Lill Aronsson. Vid H\u00f6gskolan V\u00e4st blev <a href=\"https:\/\/academicrightswatch.se\/?p=1911\">G\u00f6ran Adamson<\/a>&nbsp;anm\u00e4ld f\u00f6r religi\u00f6s diskriminering efter att ha undervisat om J. S. Mill.<\/p>\n<p class=\"Standard\">G\u00f6teborg har \u00e5 sin sida utm\u00e4rkt sig f\u00f6r ett f\u00f6rs\u00f6k att stoppa <a href=\"https:\/\/academicrightswatch.se\/?p=3982\">en inbjuden talare fr\u00e5n att f\u00f6rel\u00e4sa<\/a>. I ett <a href=\"https:\/\/academicrightswatch.se\/?p=4579\">aktuellt fall vid Malm\u00f6 universitet<\/a>&nbsp;fick en l\u00e4rare i sexologi kritik av vissa studenter n\u00e4r hon visade bilder p\u00e5 rasism och sexism i illustrerande syfte. Bilderna var i sig kr\u00e4nkande, ans\u00e5g studenterna. Nya fall tillkommer i vad som verkar vara en accelererande takt.<\/p>\n<p class=\"Standard\">I den f\u00f6rsta intervjun i en ny Youtube-serie samtalar ARW:s Erik J Olsson med filosofidoktoranden <a href=\"https:\/\/www.youtube.com\/watch?v=bTK9SXLGg3c\">Melina Tsapos<\/a>&nbsp;om vad den \u00f6kande k\u00e4nsligheten beror p\u00e5 och om det g\u00e5r att st\u00e4vja en utveckling d\u00e4r det blir allt sv\u00e5rare f\u00f6r l\u00e4rare och forskare, men \u00e4ven studenter och doktorander, att ut\u00f6va yttrandefriheten full ut.<\/p>\n<p><iframe loading=\"lazy\" title=\"Feminine Culture in Academia\" width=\"1024\" height=\"576\" src=\"https:\/\/www.youtube.com\/embed\/Jum99xCkPgA?feature=oembed\" frameborder=\"0\" allow=\"accelerometer; autoplay; clipboard-write; encrypted-media; gyroscope; picture-in-picture\" allowfullscreen><\/iframe><\/p>\n<p class=\"Standard\">ARW passade p\u00e5 att st\u00e4lla n\u00e5gra fr\u00e5gor till Tsapos, som modererar den nya serien.<\/p>\n<p class=\"Standard\">ARW: Vad var det som fick dig intresserad av akademisk frihet och yttrandefrihet?<\/p>\n<p class=\"Standard\">Tsapos: Jag ser att vi lever i en v\u00e4ldigt polariserad v\u00e4rld. Och jag tror att det som vi inte f\u00e5r tappa greppet om \u00e4r att ha en \u00f6ppen konversation om v\u00e5ra \u00e5sikter och vad vi tror p\u00e5. Om man d\u00e5 tror att det \u00e4r viktigt och grundl\u00e4ggande f\u00f6r att inte bara n\u00e5 en f\u00f6rst\u00e5else f\u00f6r varandra men ocks\u00e5 kunna komma n\u00e4rmare sanningar, s\u00e5 \u00e4r det essentiellt att vi v\u00e4rnar om yttrandefriheten och inte minst p\u00e5 universiteten. Akademin m\u00e5ste vara den institution d\u00e4r id\u00e9er f\u00f6ds och bem\u00f6ts, inte tystas! Var annars?<\/p>\n<p class=\"Standard\">ARW: Du \u00e4r doktorand i teoretisk filosofi. Ser du n\u00e5gon koppling mellan filosofin och ditt engagemang f\u00f6r akademisk frihet? Har filosofer ett s\u00e4rskilt ansvar?<\/p>\n<p class=\"Standard\">Tsapos: Det tycker jag. Jag valde just filosofin en g\u00e5ng i tiden f\u00f6r jag hade en hunger att ta reda p\u00e5 sanningen, och bland historiens alla filosofer kunde jag fritt l\u00e4sa om alla olika id\u00e9er, bra och d\u00e5liga, som sedan hj\u00e4lpt mig att forma mina egna uppfattningar. Filosofin s\u00e4rskilt m\u00e5ste vara \u00f6ppen f\u00f6r att kritiseras och utvecklas. F\u00f6r det s\u00e5 kr\u00e4vs det att alla id\u00e9er f\u00e5r uttalas, tas del av och kritiseras, med respekt och p\u00e5 ett intelligent s\u00e4tt. \u00c4ven kommande generationer har ju nytta av s\u00e5dan filosofi som har visat sig vara \u201cfel\u201d. S\u00e4rskilt filosofer (\u00e4ven om det g\u00e4ller f\u00f6r alla) m\u00e5ste kunna argumentera och resonera kring det man tror p\u00e5. D\u00e4rf\u00f6r \u00e4r det extra viktigt att just filosofer v\u00e4rnar om en akademisk milj\u00f6 d\u00e4r det r\u00e5der frihet.<\/p>\n<p class=\"Standard\">ARW: Du tar i den f\u00f6rsta intervjun upp tabubelagda \u00e4mnen p\u00e5 ett \u00f6ppet s\u00e4tt. \u00c4r du inte r\u00e4dd f\u00f6r att folk ska tycka att du ger legitimitet \u00e5t uppfattningar som de anser vara st\u00f6tande eller till och med farliga?<\/p>\n<p class=\"Standard\">Tsapos: Det \u00e4r s\u00e5 klart en kritik som jag lyssnar p\u00e5. Och jag tror det kan vara befogat i vissa fall, s\u00e4rskilt inom politik eller p\u00e5 andra arbetsplatser. Men universitet m\u00e5ste vara en s\u00e4rskild plats d\u00e4r \u00e4ven farliga id\u00e9er f\u00e5r tas upp och pratas om. Sen b\u00f6r man komma ih\u00e5g att hur man uttrycker sig kommer med ett ansvar, till exempel hets mot folkgrupp som ju \u00e4r olagligt och har konsekvenser. Men en id\u00e9, \u00e4ven om den m\u00e5 vara farlig, m\u00e5ste pr\u00f6vas och vi alla har ett ansvar att visa varf\u00f6r det \u00e4r en d\u00e5lig v\u00e4g att g\u00e5 (om det nu \u00e4r det). Jag tror inte man skyddar \u201cdet r\u00e4tta\u201d eller \u201cdet sanna\u201d genom att det f\u00f6rblir outtalat, eller tystas, utan snarare tv\u00e4rtom. S\u00e5 snart vi inte l\u00e4ngre f\u00e5r ifr\u00e5gas\u00e4tta status quo lever vi inte heller l\u00e4ngre intellektuellt \u00e4rligt. Jag har Mills ord som en ledstj\u00e4rna n\u00e4r han skriver att \u201cand if nothing else a false opinion is a good sparring practice for good opinions. However true something may be, if it is not fully, freely and fearlessly discussed it will be held as a dead dogma, not a living truth.\u201d<\/p>\n<p class=\"Standard\">ARW: Slutligen, vad vill du \u00e5stadkomma med din serie?<\/p>\n<p class=\"Standard\">Tsapos: Jag tror att det viktigaste f\u00f6r mig \u00e4r att det ska bidra p\u00e5 n\u00e5got s\u00e4tt med att fr\u00e4mja diskussionen om akademisk frihet. jag \u00e4r nyfiken p\u00e5 vad andra, som har t\u00e4nkt p\u00e5 dessa viktiga fr\u00e5gor mycket l\u00e4ngre \u00e4n jag, har att s\u00e4ga och att l\u00e4ra mig fr\u00e5n det. Jag hoppas framf\u00f6r allt kanske att det bidrar till att \u00e4ven andra f\u00e5r en chans att lyssna till konversationerna och bilda sin egen uppfattning kring fr\u00e5gorna.<\/p>\n<p style=\"text-align: center\"><a href=\"https:\/\/academicrightswatch.se\/?page_id=2002\" target=\"_blank\" rel=\"noopener noreferrer\">\u2666 Gillade du det du nyss l\u00e4ste? St\u00f6d v\u00e5r verksamhet! Nu ocks\u00e5 via Patreon! \u2666<\/a><\/p>\n","protected":false},"excerpt":{"rendered":"<p>Vi ser en \u00f6kad k\u00e4nslighet inom akademin mot id\u00e9er som anses farliga eller sv\u00e5ra att hantera. Samtidigt sker det en \u00f6kning av andelen kvinnor inom h\u00f6gskolan. Det s\u00e4ger ARW:s Erik J Olsson i en ny intervju p\u00e5 Youtube. Som motreaktion &hellip; <a href=\"https:\/\/academicrightswatch.se\/?p=4714\">Forts\u00e4tt l\u00e4sa <span class=\"meta-nav\">&rarr;<\/span><\/a><\/p>\n","protected":false},"author":3,"featured_media":0,"comment_status":"closed","ping_status":"closed","sticky":false,"template":"","format":"standard","meta":{"footnotes":""},"categories":[12,6],"tags":[86,792,37,733,957,475,902,9],"class_list":["post-4714","post","type-post","status-publish","format-standard","hentry","category-akademisk-frihet","category-yttrandefrihet","tag-akademisk-frihet-2","tag-chicago-statement","tag-erik-j-olsson","tag-feminin-kultur","tag-melina-tsapos","tag-meritokrati","tag-mjuka-varden","tag-yttrandefrihet-2"],"_links":{"self":[{"href":"https:\/\/academicrightswatch.se\/index.php?rest_route=\/wp\/v2\/posts\/4714","targetHints":{"allow":["GET"]}}],"collection":[{"href":"https:\/\/academicrightswatch.se\/index.php?rest_route=\/wp\/v2\/posts"}],"about":[{"href":"https:\/\/academicrightswatch.se\/index.php?rest_route=\/wp\/v2\/types\/post"}],"author":[{"embeddable":true,"href":"https:\/\/academicrightswatch.se\/index.php?rest_route=\/wp\/v2\/users\/3"}],"replies":[{"embeddable":true,"href":"https:\/\/academicrightswatch.se\/index.php?rest_route=%2Fwp%2Fv2%2Fcomments&post=4714"}],"version-history":[{"count":4,"href":"https:\/\/academicrightswatch.se\/index.php?rest_route=\/wp\/v2\/posts\/4714\/revisions"}],"predecessor-version":[{"id":4718,"href":"https:\/\/academicrightswatch.se\/index.php?rest_route=\/wp\/v2\/posts\/4714\/revisions\/4718"}],"wp:attachment":[{"href":"https:\/\/academicrightswatch.se\/index.php?rest_route=%2Fwp%2Fv2%2Fmedia&parent=4714"}],"wp:term":[{"taxonomy":"category","embeddable":true,"href":"https:\/\/academicrightswatch.se\/index.php?rest_route=%2Fwp%2Fv2%2Fcategories&post=4714"},{"taxonomy":"post_tag","embeddable":true,"href":"https:\/\/academicrightswatch.se\/index.php?rest_route=%2Fwp%2Fv2%2Ftags&post=4714"}],"curies":[{"name":"wp","href":"https:\/\/api.w.org\/{rel}","templated":true}]}}