{"id":5323,"date":"2023-05-05T13:41:12","date_gmt":"2023-05-05T11:41:12","guid":{"rendered":"https:\/\/academicrightswatch.se\/?p=5323"},"modified":"2023-05-05T17:08:18","modified_gmt":"2023-05-05T15:08:18","slug":"toppforskaren-i-psykologi-blev-for-kravande-for-uppsaladoktoranderna-hemforlovades-for-arbetsmiljoproblem-efter-anonyma-vittnesuppgifter","status":"publish","type":"post","link":"https:\/\/academicrightswatch.se\/?p=5323","title":{"rendered":"Toppforskaren i psykologi blev f\u00f6r kr\u00e4vande f\u00f6r Uppsaladoktoranderna: hemf\u00f6rlovades f\u00f6r \u201darbetsmilj\u00f6problem\u201d efter anonyma vittnesuppgifter"},"content":{"rendered":"\n<p><\/p>\n\n\n\n<p class=\"has-drop-cap\"><em>N\u00e4r toppforskaren Emily Holmes kallades till en professur vid Psykologiska institutionen i Uppsala hade hon inte r\u00e4knat med att hon skulle komma att utredas f\u00f6r arbetsmilj\u00f6problem och under utredningen isoleras fr\u00e5n sin arbetsplats. \u00c4rendet reser p\u00e5 ett forskningspolitiskt plan fr\u00e5gan om det av kulturella sk\u00e4l l\u00e4ngre \u00e4r m\u00f6jligt att leda forskargrupper av absolut v\u00e4rldsklass vid svenska h\u00f6gskolor utan att bli utsatt f\u00f6r olika administrativa \u00e5tg\u00e4rder.<\/em><\/p>\n\n\n\n<!--more-->\n\n\n\n<p>Academic Rights Watch har sedan starten 2012 varnat f\u00f6r en utveckling d\u00e4r h\u00e5rda v\u00e4rden som kvalitet, excellens och akademisk frihet \u00f6vertrumfas av mjuka v\u00e4rden som v\u00e4nlighet och en lugn och rofylld arbetsmilj\u00f6. Vi har i en rad fall uppm\u00e4rksammat denna konflikt och hur de mjuka v\u00e4rdena oftast tillm\u00e4ts st\u00f6rre vikt.<\/p>\n\n\n\n<p>Ett aktuellt fall r\u00f6r astronomiprofessorn <a rel=\"noreferrer noopener\" href=\"https:\/\/academicrightswatch.se\/?p=4882\" target=\"_blank\">Sofia Feltzing i Lund<\/a>, som blev hemf\u00f6rlovad p\u00e5 obest\u00e4md tid efter diffusa anklagelser om kr\u00e4nkningar fr\u00e5n vissa medarbetare. Det handlade om allt fr\u00e5n att vara p\u00e5st\u00e5tt \u00f6verkritisk p\u00e5 ett seminarium till att, i hennes makes fall, inte medverka vid institutionens kaffekokning.<\/p>\n\n\n\n<p>Ett \u00e4rende som uppvisar sl\u00e5ende likheter med Feltzings utspelar sig just nu p\u00e5 Psykologiska institutionen i Uppsala. \u00c4ven denna g\u00e5ng st\u00e5r en kvinnlig toppforskare i centrum.&nbsp;<\/p>\n\n\n\n<p>Emily Holmes rekryterades 2018 till Uppsala universitet fr\u00e5n Karolinska Institutet, d\u00e4r hon samtidigt som hon var professor i Cambridge innehade en 10-procentig anst\u00e4llning som g\u00e4stprofessor. P\u00e5 Karolinska fanns dock klagom\u00e5l p\u00e5 \u201dpressad arbetsmilj\u00f6\u201d i Holmes forskargrupp, vilket <em><a rel=\"noreferrer noopener\" href=\"https:\/\/psykologtidningen.se\/2023\/01\/25\/elva-fore-detta-doktorander-professorn-brot-ned-oss\/\" target=\"_blank\">Psykologtidningen<\/a><\/em> rapporterat om.<\/p>\n\n\n\n<p>Samma typ av kritik hade riktats mot Holmes i Cambridge och tidigare i Oxford, av allt att d\u00f6ma mest av kvinnliga doktorander. Emellertid hade reaktionerna fr\u00e5n ledningarna d\u00e4r v\u00e4sentligen uteblivit med h\u00e4nvisning till Holmes enast\u00e5ende framg\u00e5ngar som forskare.<\/p>\n\n\n\n<p>Men i Sverige v\u00e4ger ju internationella forskningsbedrifter relativt l\u00e4tt n\u00e4r den lugna och trevliga arbetsmilj\u00f6n st\u00e5r p\u00e5 spel. Det var allts\u00e5 f\u00f6ruts\u00e4gbart att Holmes skulle f\u00e5 problem med den kultur som r\u00e5der p\u00e5 svenska l\u00e4ros\u00e4ten.<\/p>\n\n\n\n<p>Mycket riktigt dr\u00f6jde det inte l\u00e4nge f\u00f6rr\u00e4n det inkom klagom\u00e5l om \u201dmobbning\u201d fr\u00e5n medlemmar i Emily Holmes forskargrupp, vilket sedvanligt ledde till en <a rel=\"noreferrer noopener\" href=\"https:\/\/psykologtidningen.se\/2023\/03\/06\/dekanen-tar-over-arbetsmiljoansvaret-for-emily-holmes-forskargrupp\/\" target=\"_blank\">arbetsmilj\u00f6utredning utf\u00f6rd av konsultf\u00f6retaget Falck Healthcare<\/a>.<\/p>\n\n\n\n<p>Falck f\u00f6rekommer i ett mindre f\u00f6rdelaktigt sammanhang i Academic Rights Watch akter. D\u00e5 g\u00e4llde det en arbetsmilj\u00f6utredning vid Institutionen f\u00f6r lingvistik och filologi, ocks\u00e5 i Uppsala, d\u00e4r resultatet blev att den utpekade professorn varit <a rel=\"noreferrer noopener\" href=\"https:\/\/academicrightswatch.se\/?p=3960\" target=\"_blank\">alltf\u00f6r kritisk i ett vetenskapligt sammanhang<\/a> och d\u00e4rf\u00f6r \u201dp\u00e5drivande\u201d i konflikten. Den praktiska slutsatsen blev att professorn, som vi skrev, skulle underg\u00e5 s\u00e4rskild disciplinering med avseende p\u00e5 \u201dbeteende, tonl\u00e4ge och ordval\u201d och hennes \u201dframsteg\u201d ska f\u00f6ljas upp \u201dmed trem\u00e5nadersintervall under ett halv\u00e5r\u201d.<\/p>\n\n\n\n<p>Det r\u00f6r sig med andra ord om en konsultfirma som tidigare visat mycket lite f\u00f6rst\u00e5else f\u00f6r akademins s\u00e4rart och villkor. S\u00e5 \u00e4ven om Falck i skrivande stund \u00e4nnu inte presenterat sina slutsatser i Holmes-fallet finns det anledning att befara det v\u00e4rsta.<\/p>\n\n\n\n<p>Det som hittills h\u00e4nt manar redan till eftertanke. Enligt uppgifter som kommit oss tillhanda ska Holmes n\u00e4mligen ha hemf\u00f6rlovats under den tid som utredningen p\u00e5g\u00e5r. Hon ska n\u00e4rmare best\u00e4mt \u201dmycket starkt rekommenderats att inte visa sig i lokalerna\u201d. Vidare f\u00e5r hon bara tr\u00e4ffa medarbetarna i sin forskargrupp via Zoom n\u00e4r ett skyddsombud \u00e4r n\u00e4rvarande. S\u00e5vitt vi f\u00f6rst\u00e5r har Holmes, under de tre m\u00e5nader som utredningen p\u00e5g\u00e5tt, i praktiken inte kunnat arbeta.<\/p>\n\n\n\n<p>Academic Rights Watch Magnus Zetterholm \u00e4r kritisk mot Uppsalas hantering av fallet:<\/p>\n\n\n\n<p>&#8211; Oavsett bakgrund ser vi allvarligt p\u00e5 att Emily Holmes uppenbarligen under l\u00e5ng tid isolerats fr\u00e5n sitt arbete p\u00e5 institutionen.<\/p>\n\n\n\n<p>&#8211; De steg som s\u00e5vitt vi f\u00f6rst\u00e5r vidtagits framst\u00e5r inte som proportionerliga mot den eventuella skada som utg\u00e5r fr\u00e5n henne och bygger dessutom p\u00e5 anonyma vittnesuppgifter d\u00e4r r\u00e4ttss\u00e4kerheten kan ifr\u00e5gas\u00e4tts, s\u00e4ger Zetterholm.<\/p>\n\n\n\n<p>&#8211; P\u00e5 ett forskningspolitiskt plan reser detta och andra liknande fall fr\u00e5gan om den svenska kulturen och h\u00f6gskoleadministrationen l\u00e4ngre t\u00e5l internationella toppforskare och de krav de st\u00e4ller p\u00e5 sina medarbetare, s\u00e4ger Magnus Zetterholm p\u00e5 Academic Rights Watch.<\/p>\n\n\n\n<p class=\"has-text-align-center\"><a rel=\"noreferrer noopener\" href=\"https:\/\/academicrightswatch.se\/?page_id=2002\" target=\"_blank\">\u2666 Gillade du det du nyss l\u00e4ste? St\u00f6d v\u00e5r verksamhet! Nu ocks\u00e5 via Patreon! \u2666<\/a><\/p>\n","protected":false},"excerpt":{"rendered":"<p>N\u00e4r toppforskaren Emily Holmes kallades till en professur vid Psykologiska institutionen i Uppsala hade hon inte r\u00e4knat med att hon skulle komma att utredas f\u00f6r arbetsmilj\u00f6problem och under utredningen isoleras fr\u00e5n sin arbetsplats. \u00c4rendet reser p\u00e5 ett forskningspolitiskt plan fr\u00e5gan &hellip; <a href=\"https:\/\/academicrightswatch.se\/?p=5323\">Forts\u00e4tt l\u00e4sa <span class=\"meta-nav\">&rarr;<\/span><\/a><\/p>\n","protected":false},"author":3,"featured_media":0,"comment_status":"closed","ping_status":"closed","sticky":false,"template":"","format":"standard","meta":{"footnotes":""},"categories":[12],"tags":[229,1083,800,83],"class_list":["post-5323","post","type-post","status-publish","format-standard","hentry","category-akademisk-frihet","tag-arbetsmiljo","tag-emily-holmes","tag-psykologiska-institutionen","tag-uppsala-universitet"],"_links":{"self":[{"href":"https:\/\/academicrightswatch.se\/index.php?rest_route=\/wp\/v2\/posts\/5323","targetHints":{"allow":["GET"]}}],"collection":[{"href":"https:\/\/academicrightswatch.se\/index.php?rest_route=\/wp\/v2\/posts"}],"about":[{"href":"https:\/\/academicrightswatch.se\/index.php?rest_route=\/wp\/v2\/types\/post"}],"author":[{"embeddable":true,"href":"https:\/\/academicrightswatch.se\/index.php?rest_route=\/wp\/v2\/users\/3"}],"replies":[{"embeddable":true,"href":"https:\/\/academicrightswatch.se\/index.php?rest_route=%2Fwp%2Fv2%2Fcomments&post=5323"}],"version-history":[{"count":7,"href":"https:\/\/academicrightswatch.se\/index.php?rest_route=\/wp\/v2\/posts\/5323\/revisions"}],"predecessor-version":[{"id":5331,"href":"https:\/\/academicrightswatch.se\/index.php?rest_route=\/wp\/v2\/posts\/5323\/revisions\/5331"}],"wp:attachment":[{"href":"https:\/\/academicrightswatch.se\/index.php?rest_route=%2Fwp%2Fv2%2Fmedia&parent=5323"}],"wp:term":[{"taxonomy":"category","embeddable":true,"href":"https:\/\/academicrightswatch.se\/index.php?rest_route=%2Fwp%2Fv2%2Fcategories&post=5323"},{"taxonomy":"post_tag","embeddable":true,"href":"https:\/\/academicrightswatch.se\/index.php?rest_route=%2Fwp%2Fv2%2Ftags&post=5323"}],"curies":[{"name":"wp","href":"https:\/\/api.w.org\/{rel}","templated":true}]}}