{"id":5543,"date":"2024-03-01T16:16:26","date_gmt":"2024-03-01T15:16:26","guid":{"rendered":"https:\/\/academicrightswatch.se\/?p=5543"},"modified":"2025-12-20T14:54:21","modified_gmt":"2025-12-20T13:54:21","slug":"arw-avslojar-extern-utredning-som-fallde-akademichef-for-krankande-sarbehandling-kapades-av-halmstadsrektor-arendet-laggs-ner-utan-atgard","status":"publish","type":"post","link":"https:\/\/academicrightswatch.se\/?p=5543","title":{"rendered":"ARW AVSL\u00d6JAR: Extern utredning som f\u00e4llde akademichef f\u00f6r kr\u00e4nkande s\u00e4rbehandling kapades av Halmstadsrektor: \u00e4rendet l\u00e4ggs ner utan \u00e5tg\u00e4rd"},"content":{"rendered":"\n<p class=\"has-drop-cap\"><em>Efter att en professor i Halmstad underk\u00e4nt halva klassen av lukrativa internationella studenter fr\u00e5ntogs han undervisningen. Samtidigt blev han p\u00e5 akademichefens initiativ f\u00f6rem\u00e5l f\u00f6r en l\u00e5ng rad utredningar. En extern utredning av akademichefens agerande gick p\u00e5 Academic Rights Watch linje och konstaterar att hon utsatt professorn f\u00f6r kr\u00e4nkande s\u00e4rbehandling. Den senaste h\u00e4ndelseutvecklingen \u00e4r att rektor g\u00e5tt in och lagt ner utredningen utan \u00e5tg\u00e4rd.<\/em><\/p>\n\n\n\n<!--more-->\n\n\n\n<p>Som ARW <a href=\"https:\/\/academicrightswatch.se\/?p=5428\">tidigare ber\u00e4ttat<\/a> var det n\u00e4r professor Klaus Solberg S\u00f6ilen underk\u00e4nde halva klassen av internationella studenter i en kurs om forskningsmetodik som hans problem b\u00f6rjade p\u00e5 allvar. De internationella studenterna, mestadels fr\u00e5n Asien, \u00e4r n\u00e4mligen en lukrativ inkomstk\u00e4lla f\u00f6r H\u00f6gskolan i Halmstad. Varje student genererar ca 150 tkr i \u00e5rliga int\u00e4kter.<\/p>\n\n\n\n<p>Efter att n\u00e5gra studenter klagat p\u00e5 betygs\u00e4ttningen inledde akademichefen Catherine Legrand utredning p\u00e5 utredning av S\u00f6ilens undervisning. Samtidigt fr\u00e5ntogs han alla sina kurser. D\u00e5 S\u00f6ilen mestadels har undervisning i sin tj\u00e4nst betydde detta i praktiken en form av avst\u00e4ngning.<\/p>\n\n\n\n<p>Utredningarna handlar om r\u00e4ttss\u00e4kerheten vid examinering, p\u00e5st\u00e5dd diskriminering av asiatiska studenter och l\u00e5ngs\u00f6kta anklagelser om brister i f\u00f6rh\u00e5llande till GDPR och etikpr\u00f6vning. Samtliga utredningar friar till slut S\u00f6ilen. Den f\u00f6rsta finner dock att examineringsf\u00f6rfarandet inte varit optimalt. Efter att S\u00f6ilen friats inleds ytterligare en inkvisitionsliknande \u201d\u00f6ppen\u201d utredning d\u00e4r syftet inte specificerades.<\/p>\n\n\n\n<p>V\u00e5r bed\u00f6mning var att det knappast \u00e4r en tillf\u00e4llighet att en l\u00e4rare som r\u00e4ttar \u201dstr\u00e4ngt\u201d p\u00e5 kurser f\u00f6r internationella studenter r\u00e5kar ut f\u00f6r olika utredningar och fr\u00e5ntas undervisningen, utan att det givetvis handlar om f\u00f6rs\u00f6k att f\u00e5 bort S\u00f6ilen fr\u00e5n kursen. Vi framh\u00f6ll att h\u00f6gskolans agerande kan falla under begreppet kr\u00e4nkande s\u00e4rbehandling.<\/p>\n\n\n\n<p>En aktuell extern utredning som ARW beg\u00e4rt ut fr\u00e5n h\u00f6gskolan (nr 773) gick p\u00e5 v\u00e5r linje och konstaterade att S\u00f6ilen av Legrand utsatts f\u00f6r kr\u00e4nkande s\u00e4rbehandling. Utredningen, som gjordes efter att S\u00f6ilen anm\u00e4lt Legrand f\u00f6r trakasserier, \u00e4r mycket omfattande och enligt v\u00e5r mening synnerligen gedigen.<\/p>\n\n\n\n<p>Utredarna Lennart Hansson-B\u00f6e och Johan Edwardsson fr\u00e5n firman Human &amp; Heart finner att varje enskild situation som S\u00f6ilen besv\u00e4rat sig \u00f6ver visserligen inte varit tillr\u00e4ckligt graverande f\u00f6r att det ska r\u00f6ra sig om kr\u00e4nkande s\u00e4rbehandling. De menar ocks\u00e5 att ungef\u00e4r h\u00e4lften av situationerna inte varit objektivt kr\u00e4nkande d\u00e5 Legrand haft goda sk\u00e4l att agera som hon gjorde. Emellertid kvarst\u00e5r, anser de, fyra situationer d\u00e4r Legrand f\u00f6rtj\u00e4nar kritik f\u00f6r sitt agerande. Dessa situationer sammantagna utg\u00f6r enligt utredarna kr\u00e4nkande s\u00e4rbehandling.<\/p>\n\n\n\n<p>En situation r\u00f6r det faktum att Legrand i den f\u00f6rsta utredningen agerat s\u00e5v\u00e4l utredare som \u00e5klagare och domare. Utredarna kommer fram till att hon d\u00e4rmed br\u00f6t mot samtliga (sju!) g\u00e4llande anvisningar f\u00f6r hur utredningar ska g\u00e5 till. Utredarna finner det \u00e4ven allvarligt att delar av den f\u00f6rsta utredningen byggde p\u00e5 anonyma anklagelser, vilket de framh\u00e5ller strider mot r\u00e4ttsstatens principer. De kritiserar ocks\u00e5 ryktesspridningen kring S\u00f6ilens person samt det faktum att han avst\u00e4ngdes fr\u00e5n undervisningen, vilket skedde p\u00e5 obest\u00e4md tid.<\/p>\n\n\n\n<p>Utredarna skriver om de fyra allvarliga situationerna (sid. 56):<\/p>\n\n\n\n<blockquote class=\"wp-block-quote is-layout-flow wp-block-quote-is-layout-flow\">\n<p><em>Det finns samtidigt ett \u00e5terkommande m\u00f6nster i dessa situationer som starkt talar f\u00f6r ett h\u00e4ndelsef\u00f6rlopp d\u00e4r Catherine Legrand, antingen medvetet eller p\u00e5 grund av bristande kunskaper\/skicklighet i sin chefsut\u00f6vning, utsatt Klaus Solberg S\u00f6ilen f\u00f6r handlingar som i en sammanv\u00e4gd bed\u00f6mning \u00e4r att klassificera som kr\u00e4nkande s\u00e4rbehandling. Klaus S\u00f6ilen har d\u00e4rmed riskerat att drabbas av oh\u00e4lsa och\/eller att hamna utanf\u00f6r arbetsplatsens gemenskap.<\/em><\/p>\n<\/blockquote>\n\n\n\n<p>Men p\u00e5 landets h\u00f6gskolor kan \u00e4ven det mest osannolika bli en realitet. Rektor Susanna \u00d6hman har n\u00e4mligen <a href=\"https:\/\/academicrightswatch.se\/wp-content\/uploads\/2024\/03\/Arendet-avslutas-utan-atgard.pdf\">i ett beslut fr\u00e5n den 29 februari<\/a> f\u00f6rklarat att utredningens slutsatser ska underk\u00e4nnas. \u00c4rendet l\u00e4ggs d\u00e4rmed ner utan \u00e5tg\u00e4rd.<\/p>\n\n\n\n<p>S\u00e5 h\u00e4r motiverar rektor beslutet:<\/p>\n\n\n\n<blockquote class=\"wp-block-quote is-layout-flow wp-block-quote-is-layout-flow\">\n<p><em>Human &amp; Heart bed\u00f6mde i sin utredning att ingen av de tio situationerna i sig utgjorde kr\u00e4nkande s\u00e4rbehandling. Deras sammanv\u00e4gda slutsats \u00e4r \u00e4nd\u00e5 att kr\u00e4nkande s\u00e4rbehandling har f\u00f6rekommit eftersom fyra av dessa situationer bed\u00f6mdes som gr\u00e4nsfall. H\u00f6gskolans slutliga bed\u00f6mning, baserad p\u00e5 den slutliga rapporten och H\u00f6gskolans genomg\u00e5ng av den, \u00e4r att H\u00f6gskolan i sin sakgranskning har kunnat presentera information och juridiska bed\u00f6mningar kring dessa situationer som utredarna inte haft tillg\u00e5ng till och som ger en delvis annan bild. H\u00f6gskolans bed\u00f6mning \u00e4r d\u00e4rf\u00f6r att bevisl\u00e4get f\u00f6r de fyra situationernas sammantagna allvarlighetsgrad har f\u00f6rsvagats och d\u00e4rmed \u00e4r den samlade bed\u00f6mningen att det inte f\u00f6religger kr\u00e4nkande s\u00e4rbehandling.<\/em><\/p>\n<\/blockquote>\n\n\n\n<p>ARW:s Erik J Olsson tycker att rektors agerande \u00e4r uppseendev\u00e4ckande:<\/p>\n\n\n\n<p>&#8211; Fr\u00e5gan uppst\u00e5r varf\u00f6r utredarna inte f\u00e5tt tillg\u00e5ng till denna p\u00e5st\u00e5tt nya information och f\u00e5tt m\u00f6jlighet att uppdatera utredningen d\u00e4refter. Intrycket \u00e4r att rektor kapat utredning f\u00f6r att kunna diskvalificera utredarnas slutsatser. Agerandet skadar allvarligt f\u00f6rtroendet f\u00f6r rektors f\u00f6rm\u00e5ga att hantera \u00e4rendet sakligt och opartiskt.<\/p>\n\n\n\n<p>&#8211; Rektors beslut blir ett i raden av negativa handlingar som drabbar Klaus Solberg S\u00f6ilen och kan ses som ytterligare en kr\u00e4nkning. Att en rektor p\u00e5 detta s\u00e4tt ansluter sig till den kr\u00e4nkande s\u00e4rbehandlingen av en medarbetare \u00e4r fullst\u00e4ndigt oacceptabelt, menar Olsson.<\/p>\n\n\n\n<p>Tyv\u00e4rr har ARW \u00e4ven f\u00e5tt andra indikationer p\u00e5 att kr\u00e4nkningarna mot Klaus Solberg S\u00f6ilen forts\u00e4tter med of\u00f6rminskad styrka och att de till och med intensifierats. Trots att S\u00f6ilen frik\u00e4nts p\u00e5 alla v\u00e4sentliga punkter har han inte f\u00e5tt sin undervisning tillbaka. Hans situation ska dessutom ha f\u00f6rs\u00e4mrats ytterligare genom att han blivit av med \u00e4nnu fler examinationsuppdrag.<\/p>\n\n\n\n<p>Academic Rights Watch forts\u00e4tter att bevaka utvecklingen p\u00e5 den dysfunktionella h\u00f6gskolan i Halmstad.<\/p>\n\n\n\n<p class=\"has-text-align-center\"><a rel=\"noreferrer noopener\" href=\"https:\/\/academicrightswatch.se\/?page_id=2002\" target=\"_blank\">\u2666 Gillade du det du nyss l\u00e4ste? St\u00f6d v\u00e5r verksamhet! Nu ocks\u00e5 via Patreon! \u2666<\/a><\/p>\n","protected":false},"excerpt":{"rendered":"<p>Efter att en professor i Halmstad underk\u00e4nt halva klassen av lukrativa internationella studenter fr\u00e5ntogs han undervisningen. Samtidigt blev han p\u00e5 akademichefens initiativ f\u00f6rem\u00e5l f\u00f6r en l\u00e5ng rad utredningar. En extern utredning av akademichefens agerande gick p\u00e5 Academic Rights Watch linje &hellip; <a href=\"https:\/\/academicrightswatch.se\/?p=5543\">Forts\u00e4tt l\u00e4sa <span class=\"meta-nav\">&rarr;<\/span><\/a><\/p>\n","protected":false},"author":3,"featured_media":0,"comment_status":"closed","ping_status":"closed","sticky":false,"template":"","format":"standard","meta":{"footnotes":""},"categories":[12],"tags":[1122,119,1003,1124,779,228,1123,204],"class_list":["post-5543","post","type-post","status-publish","format-standard","hentry","category-akademisk-frihet","tag-catherine-legrand","tag-hogskolan-i-halmstad","tag-human-heart","tag-johan-edwardsson","tag-klaus-solberg-soilen","tag-krankande-sarbehandling","tag-lennart-hansson-boe","tag-susanna-ohman"],"_links":{"self":[{"href":"https:\/\/academicrightswatch.se\/index.php?rest_route=\/wp\/v2\/posts\/5543","targetHints":{"allow":["GET"]}}],"collection":[{"href":"https:\/\/academicrightswatch.se\/index.php?rest_route=\/wp\/v2\/posts"}],"about":[{"href":"https:\/\/academicrightswatch.se\/index.php?rest_route=\/wp\/v2\/types\/post"}],"author":[{"embeddable":true,"href":"https:\/\/academicrightswatch.se\/index.php?rest_route=\/wp\/v2\/users\/3"}],"replies":[{"embeddable":true,"href":"https:\/\/academicrightswatch.se\/index.php?rest_route=%2Fwp%2Fv2%2Fcomments&post=5543"}],"version-history":[{"count":9,"href":"https:\/\/academicrightswatch.se\/index.php?rest_route=\/wp\/v2\/posts\/5543\/revisions"}],"predecessor-version":[{"id":5950,"href":"https:\/\/academicrightswatch.se\/index.php?rest_route=\/wp\/v2\/posts\/5543\/revisions\/5950"}],"wp:attachment":[{"href":"https:\/\/academicrightswatch.se\/index.php?rest_route=%2Fwp%2Fv2%2Fmedia&parent=5543"}],"wp:term":[{"taxonomy":"category","embeddable":true,"href":"https:\/\/academicrightswatch.se\/index.php?rest_route=%2Fwp%2Fv2%2Fcategories&post=5543"},{"taxonomy":"post_tag","embeddable":true,"href":"https:\/\/academicrightswatch.se\/index.php?rest_route=%2Fwp%2Fv2%2Ftags&post=5543"}],"curies":[{"name":"wp","href":"https:\/\/api.w.org\/{rel}","templated":true}]}}