{"id":5654,"date":"2024-09-06T16:22:33","date_gmt":"2024-09-06T14:22:33","guid":{"rendered":"https:\/\/academicrightswatch.se\/?p=5654"},"modified":"2024-09-06T16:36:11","modified_gmt":"2024-09-06T14:36:11","slug":"lundaforskare-anordnade-israelkritiskt-foredrag-i-samarbete-med-palestinaaktivister-undergravde-universitetets-oberoende","status":"publish","type":"post","link":"https:\/\/academicrightswatch.se\/?p=5654","title":{"rendered":"Lundaforskare anordnade Israelkritiskt f\u00f6redrag i samarbete med Palestinaaktivister: undergr\u00e4vde universitetets oberoende"},"content":{"rendered":"\n<p class=\"has-drop-cap\"><em>N\u00e4r en forskargrupp vid Lunds universitet i samarbete med aktivistgruppen Lund Academics for Palestine bj\u00f6d in en k\u00e4nd Israelkritiker som f\u00f6rel\u00e4sare uppstod intrycket att universitetet tagit politisk st\u00e4llning i en internationell konflikt.<\/em><\/p>\n\n\n\n<!--more-->\n\n\n\n<p>Den 3 september 2024 \u00e4gde ett evenemang rum vid Lunds universitet d\u00e4r den israeliska forskaren, Maya Wind, presenterade sin bok,&nbsp;<em>Towers of Ivory and Steel: How Israeli Universities Deny Palestinian Freedom.&nbsp;<\/em>Wind \u00e4r antropolog, nu verksam som postdoktor vid University of British Columbia, Kanada, men \u00e4r ocks\u00e5 k\u00e4nd som politisk aktivist, s\u00e4rskilt med fokus p\u00e5 Israel-Palestina-konflikten.&nbsp;<\/p>\n\n\n\n<p>I boken driver Wind bland annat teserna att israeliska universitet fungerar som verktyg i staten Israels projekt att medvetet f\u00f6rst\u00f6ra det palestinska utbildningsv\u00e4sendet i syfte att f\u00f6rinta den palestinska motst\u00e5ndsr\u00f6relsen; att israeliska universitet \u00e4r djupt involverade i israelisk kolonialism och apartheid och m\u00e5ste f\u00f6rst\u00e5s som universitet f\u00f6r bos\u00e4ttare; att israeliska universitet samverkar med den israeliska f\u00f6rsvarsmakten och polisen och d\u00e4rf\u00f6r kan h\u00e5llas medskyldiga till staten Israels \u00f6vergrepp mot den palestinska befolkningen. Winds radikala kritik av Israel och israeliska universitet har inte st\u00e5tt oemotsagd, vilket framg\u00e5r av juridikprofessorn&nbsp;<a href=\"https:\/\/www.hujilawblog.com\/single-post\/maya-wind-s-towers-of-manipulations\">Barak Medinas recension<\/a>&nbsp;av boken. Medina \u00e4r professor i \u201dthe study of Protection of Minorities and Vulnerable Groups at the faculty of law of the Hebrew University of Jerusalem\u201d.<\/p>\n\n\n\n<p>Maya Winds praktiska slutsats \u00e4r en uppmaning att israeliska universitet b\u00f6r bojkottas, det vill s\u00e4ga exakt vad olika svenska p\u00e5tryckningsgrupper, inom och utanf\u00f6r akademin, har kr\u00e4vt. I Lund finns exempelvis en aktivistgrupp, Lund Academics for Palestine, best\u00e5ende av l\u00e4rare, forskare, doktorander och studenter vid universitetet med ett engagemang f\u00f6r Palestina och l\u00e5ngtg\u00e5ende kritik av Israels svar p\u00e5 Hamas massaker p\u00e5 israeler den 7 oktober 2023. Liknande organisationer finns vid de flesta av landets \u00f6vriga l\u00e4ros\u00e4ten.<\/p>\n\n\n\n<p>I&nbsp;<a href=\"https:\/\/www.luap.se\/demands\">ett uttalande<\/a>&nbsp;har LUAP bland annat kr\u00e4vt att Lunds universitet ska avbryta allt samarbete med israeliska universitet, forskningsinstitut och f\u00f6retag med anknytning till den israeliska milit\u00e4rindustrin, eftersom dessa anses bidra till ockupationen av Palestina och f\u00f6rtrycket av den palestinska civilbefolkningen och att universitet ska uttrycka solidaritet med det palestinska folket.&nbsp;<a href=\"https:\/\/www.luap.se\/statement-of-concern\">Andra krav<\/a>&nbsp;som framf\u00f6rts \u00e4r att Lunds universitet, en oberoende f\u00f6rvaltningsmyndighet, ska ingripa i r\u00e4ttskipningen genom att agera f\u00f6r att de studenter som frihetsber\u00f6vats i samband med ockupation av parken Lundag\u00e5rd ska undg\u00e5 \u00e5tal.<\/p>\n\n\n\n<p>Nu \u00e4r det f\u00f6rst\u00e5s helt i sin ordning att olika akademikergrupper engagerar sig i aktivistisk verksamhet och kr\u00e4ver det en och det andra. Det \u00e4r lika sj\u00e4lvklart att de studenter och \u00f6vriga som uttryckt sina uppfattningar i diverse demonstrationer \u00e4r i sin fulla r\u00e4tt. Detta \u00e4ven om man f\u00e5tt acceptera vissa geografiska begr\u00e4nsningar: det \u00e4r inte vars och ens r\u00e4tt att demonstrera var som helst eller n\u00e4r som helst. Detta inneb\u00e4r inte n\u00e5gon principiell begr\u00e4nsning av yttrandefriheten. Yttrandefrihet, m\u00f6tesfrihet och demonstrationsfrihet \u00e4r centrala i en demokrati och syftar till ett fritt meningsutbyte och en konstruktiv debatt.<\/p>\n\n\n\n<p>Detta g\u00e4ller i \u00e4n h\u00f6gre grad inom akademin. H\u00e4r b\u00f6r alla id\u00e9er f\u00e5 diskuteras, alla fr\u00e5gor st\u00e4llas och alla svar f\u00f6resl\u00e5s. Det \u00e4r s\u00e5ledes oproblematiskt att Maya Winds bok diskuteras p\u00e5 ett seminarium vid landets universitet.<\/p>\n\n\n\n<p>Vad g\u00e4ller evenemanget i Lund finns emellertid ett par problem.&nbsp;<\/p>\n\n\n\n<p>Tittar man i det av oss ofta citerade UNESCO-dokumentet,&nbsp;<a href=\"https:\/\/www.unesco.org\/en\/legal-affairs\/recommendation-concerning-status-higher-education-teaching-personnel\"><em>Recommendations Concerning Higher Teaching Personel<\/em><\/a>&nbsp;framg\u00e5r att \u201d[m]ember States are under an obligation to protect higher education institutions from threats to their autonomy coming from any source.\u201d Det inneb\u00e4r att universiteten s\u00e5 l\u00e5ngt det \u00e4r m\u00f6jligt ska st\u00e5 fria fr\u00e5n olika intressegrupper \u2013 politiska, religi\u00f6sa eller andra \u2013 som vill ut\u00f6va p\u00e5tryckningar p\u00e5 verksamheten.<\/p>\n\n\n\n<p>H\u00e4r blir det intressant att evenemanget med Maya Wind organiserades av \u201dthe Critical Studies Research Node at the Department of Arts and Cultural Sciences\u201d i samarbete med just Lund Academics for Palestine. Ut\u00f6ver att samarbeta med aktivistgrupper framg\u00e5r av hemsidan att \u201dthe research node\u201d sj\u00e4lv&nbsp;<a href=\"https:\/\/www.kultur.lu.se\/forskning\/forskningsnoder\/critical-studies\/\">deltar i demonstrationer<\/a>. Man kan fr\u00e5ga sig hur allt detta g\u00e5r ihop med den institutionella autonomin.<\/p>\n\n\n\n<p>Det \u00e4r olyckligt att intrycket uppst\u00e5tt att Lunds universitet som l\u00e4ros\u00e4te tagit politisk st\u00e4llning i en aktuell fr\u00e5ga. Det hade varit bra om fakultetsledningen eller n\u00e5gon annan del av universitets ledande skikt hade reagerat proaktivt p\u00e5 detta reella hot mot Lunds universitet som oberoende l\u00e4ros\u00e4te. I st\u00e4llet tycks evenemanget ha g\u00e5tt helt under radarn. Det \u00e5terst\u00e5r nu att l\u00e4ra av det intr\u00e4ffade och se till att det inte upprepas i framtiden.<\/p>\n\n\n\n<p>EJO\/MZ<\/p>\n\n\n\n<p class=\"has-text-align-center\"><a rel=\"noreferrer noopener\" href=\"https:\/\/academicrightswatch.se\/?page_id=2002\" target=\"_blank\">\u2666 Gillade du det du nyss l\u00e4ste? St\u00f6d v\u00e5r verksamhet! Nu ocks\u00e5 via Patreon! \u2666<\/a><\/p>\n","protected":false},"excerpt":{"rendered":"<p>N\u00e4r en forskargrupp vid Lunds universitet i samarbete med aktivistgruppen Lund Academics for Palestine bj\u00f6d in en k\u00e4nd Israelkritiker som f\u00f6rel\u00e4sare uppstod intrycket att universitetet tagit politisk st\u00e4llning i en internationell konflikt.<\/p>\n","protected":false},"author":3,"featured_media":0,"comment_status":"closed","ping_status":"closed","sticky":false,"template":"","format":"standard","meta":{"footnotes":""},"categories":[12,6],"tags":[1155,1152,1154,1153,1151],"class_list":["post-5654","post","type-post","status-publish","format-standard","hentry","category-akademisk-frihet","category-yttrandefrihet","tag-hamas","tag-isarel","tag-lund-academics-for-palestine","tag-maya-winds","tag-palestina"],"_links":{"self":[{"href":"https:\/\/academicrightswatch.se\/index.php?rest_route=\/wp\/v2\/posts\/5654","targetHints":{"allow":["GET"]}}],"collection":[{"href":"https:\/\/academicrightswatch.se\/index.php?rest_route=\/wp\/v2\/posts"}],"about":[{"href":"https:\/\/academicrightswatch.se\/index.php?rest_route=\/wp\/v2\/types\/post"}],"author":[{"embeddable":true,"href":"https:\/\/academicrightswatch.se\/index.php?rest_route=\/wp\/v2\/users\/3"}],"replies":[{"embeddable":true,"href":"https:\/\/academicrightswatch.se\/index.php?rest_route=%2Fwp%2Fv2%2Fcomments&post=5654"}],"version-history":[{"count":3,"href":"https:\/\/academicrightswatch.se\/index.php?rest_route=\/wp\/v2\/posts\/5654\/revisions"}],"predecessor-version":[{"id":5657,"href":"https:\/\/academicrightswatch.se\/index.php?rest_route=\/wp\/v2\/posts\/5654\/revisions\/5657"}],"wp:attachment":[{"href":"https:\/\/academicrightswatch.se\/index.php?rest_route=%2Fwp%2Fv2%2Fmedia&parent=5654"}],"wp:term":[{"taxonomy":"category","embeddable":true,"href":"https:\/\/academicrightswatch.se\/index.php?rest_route=%2Fwp%2Fv2%2Fcategories&post=5654"},{"taxonomy":"post_tag","embeddable":true,"href":"https:\/\/academicrightswatch.se\/index.php?rest_route=%2Fwp%2Fv2%2Ftags&post=5654"}],"curies":[{"name":"wp","href":"https:\/\/api.w.org\/{rel}","templated":true}]}}