{"id":5976,"date":"2026-02-27T16:25:47","date_gmt":"2026-02-27T15:25:47","guid":{"rendered":"https:\/\/academicrightswatch.se\/?p=5976"},"modified":"2026-02-27T16:25:47","modified_gmt":"2026-02-27T15:25:47","slug":"rektorsvalet-i-lund-legitimitetsproblem-nar-sittande-rektor-kandiderar-igen","status":"publish","type":"post","link":"https:\/\/academicrightswatch.se\/?p=5976","title":{"rendered":"Rektorsvalet i Lund: legitimitetsproblem n\u00e4r sittande rektor\u00a0kandiderar igen"},"content":{"rendered":"\n<p class=\"has-drop-cap\"><em>N\u00e4r Erik Renstr\u00f6m kandiderar till sin egen tj\u00e4nst s\u00e5 g\u00f6r han det samtidigt som han \u00e4r \u00f6verordnad chef f\u00f6r den h\u00f6gskola d\u00e4r denna interna urvalsprocess utspelar sig. Fr\u00e5gan som kommer att f\u00f6rf\u00f6lja honom om han blir omvald \u00e4r om det verkligen&nbsp;var meriterna som avgjorde.<\/em><\/p>\n\n\n\n<!--more-->\n\n\n\n<p>Det var l\u00e4nge sedan en sittande rektor i Lund st\u00e4llde upp f\u00f6r omval. G\u00f6ran Bexell, Per Eriksson och Torbj\u00f6rn von Schantz var alla i pensions\u00e5ldern n\u00e4r de fullgjort sin f\u00f6rsta mandatperiod, s\u00e5&nbsp;att kandidera igen&nbsp;var inte aktuellt.<\/p>\n\n\n\n<p>M\u00f6jligheten till omval finns&nbsp;dock&nbsp;enligt h\u00f6gskolef\u00f6rordningen (2 kap 8 \u00a7): \u201dRektor skall anst\u00e4llas genom beslut av regeringen f\u00f6r h\u00f6gst sex \u00e5r efter f\u00f6rslag av styrelsen f\u00f6r h\u00f6gskolan. Anst\u00e4llningen f\u00e5r f\u00f6rnyas, dock h\u00f6gst tv\u00e5 g\u00e5nger om vardera h\u00f6gst tre \u00e5r.\u201d<\/p>\n\n\n\n<p>Men att det finns st\u00f6d i en f\u00f6rordning betyder inte att allt \u00e4r gott och v\u00e4l. Det kan fortfarande \u201dinte se bra ut\u201d.&nbsp;<\/p>\n\n\n\n<p>Det som st\u00e4ller till det vid rektorsomval \u00e4r n\u00e4sta stycke i samma paragraf: \u201dInnan styrelsen l\u00e4mnar sitt f\u00f6rslag skall den h\u00f6ra l\u00e4rarna, \u00f6vriga anst\u00e4llda och studenterna p\u00e5 det s\u00e4tt som styrelsen har best\u00e4mt.\u201d Detta betyder att om sittande rektor kandidater till sin egen tj\u00e4nst s\u00e5 g\u00f6r han det samtidigt som han \u00e4r \u00f6verordnad chef f\u00f6r den h\u00f6gskola d\u00e4r denna interna urvalsprocess utspelar sig.<\/p>\n\n\n\n<p>S\u00e5dant ser inte bra ut, som sagt.<\/p>\n\n\n\n<p>En rektor som har suttit sin f\u00f6rsta sex\u00e5riga mandatperiod har hunnit skaffa sig en m\u00e4ngd v\u00e4nner och kontakter h\u00f6gt upp i organisationen. Han har tillsatt en rad h\u00f6gre chefer, av vilka en del \u00e4r beroende av honom f\u00f6r fortsatt f\u00f6rordnade p\u00e5 olika fina uppdrag. Ingen vill vara den som kritiserar rektors kandidatur f\u00f6r att sedan dra Svarte Petter n\u00e4r omvalet \u00e4r ett faktum. Dessutom \u00e4r han chef \u00f6ver dem som administrerar den interna urvalsprocessen och till verksamhetsf\u00f6retr\u00e4darna i universitetsstyrelsen, som fattar det slutgiltiga beslutet om vem som ska f\u00f6resl\u00e5s.<\/p>\n\n\n\n<p>Sittande rektor har allts\u00e5 en betydande hemmaf\u00f6rdel. Det f\u00f6rv\u00e5nar inte att inte funnits n\u00e5gon rektor i modern tid som \u00f6ppet kandiderat f\u00f6r omval och aktivt blivit bortvald av universitetsstyrelsen. Det g\u00e4ller exempelvis Boel Flodgren som satt elva \u00e5r p\u00e5 rektorstj\u00e4nsten innan hon sj\u00e4lv avgick. \u00c4ven hennes f\u00f6reg\u00e5ngare, H\u00e5kan Westling, satt l\u00e4nge: nio \u00e5r.<\/p>\n\n\n\n<p>N\u00e4r sittande rektorer best\u00e4mmer sig f\u00f6r att kandidera kan processen d\u00e4rf\u00f6r uppfattas f\u00e5 en annan karakt\u00e4r \u2013 den blir ett slags spel f\u00f6r galleriet, en skenprocess<s>&nbsp;<\/s>och som s\u00e5dan f\u00f6rtroendeskadande. Konsulter kallas in; kandidater som inte f\u00f6rst\u00e5r att de troligen redan blivit akterseglade nagelfars, anst\u00e4llda och studenter f\u00e5r s\u00e4ga sitt och s\u00e5 vidare. Till vilken nytta? Sannolikheten \u00e4r ju h\u00f6g att historien upprepar sig och&nbsp;vi f\u00e5r samma rektor igen.<\/p>\n\n\n\n<p>Det betyder att n\u00e4r sittande rektor v\u00e4ljs f\u00f6r ytterligare en mandatperiod \u00e4r det, i objektiv mening, med reducerad legitimitet oavsett meritering.&nbsp;Var det meriterna som avgjorde eller var det s\u00e5som processen ser ut mer eller mindre f\u00f6rutbest\u00e4mt att det skulle bli som det blev?<\/p>\n\n\n\n<p>Det \u00e4r mot denna n\u00e5got bekymmersamma bakgrund som sittande rektor Erik Renstr\u00f6m nyligen accepterade att nomineras som rektorskandidat. D\u00e5 hade sex personer sj\u00e4lva s\u00f6kt jobbet och <a href=\"https:\/\/www.sydsvenskan.se\/lund\/erik-renstrom-kandidat-till-sitt-eget-jobb-som-rektor-for-lunds-universitet\/\">ytterligare sju blivit nominerad<\/a>e.<\/p>\n\n\n\n<p>Renstr\u00f6m \u00e4r f\u00f6dd 1963 och kan allts\u00e5 i teorin sitta tv\u00e5 mandatperioder till om vardera tre \u00e5r innan han g\u00e5r i pension. Och vill han det s\u00e5 blir det sannolikt s\u00e5 \u2013&nbsp;men det sker i s\u00e5 fall med stegvis reducerad legitimitet.<\/p>\n\n\n\n<p>Samtidigt \u00e4r Renstr\u00f6m en rektor som vuxit i sin roll och haft ovanligt stor f\u00f6rst\u00e5else f\u00f6r den akademiska frihetens inneh\u00e5ll och betydelse. Han har inte minst gjort universitetet en stor tj\u00e4nst genom att uppvisa ov\u00e4ntat h\u00e5rda nypor i kontakten med Palestina-demonstranterna, vars f\u00f6rs\u00f6k att pressa universitet till politiska st\u00e4llningstaganden allvarligt hotade dess institutionella oberoende.<\/p>\n\n\n\n<p>Renstr\u00f6m har mognat som akademisk ledare under sin tid som rektor och skulle troligen g\u00f6ra ett bra jobb \u00e4ven i forts\u00e4ttningen. \u00c5 andra sidan talar ovanst\u00e5ende principiella \u00f6verv\u00e4ganden f\u00f6r att han borde l\u00e5ta bli och dra sig ur med flaggan i topp. H\u00e4nvisning till \u201dpersonliga sk\u00e4l\u201d brukar fungera bra.<\/p>\n\n\n\n<p>I f\u00f6rl\u00e4ngningen b\u00f6r h\u00f6gskolef\u00f6rordningen ses \u00f6ver f\u00f6r att kunna hantera problematiken ovan, till exempel genom att n\u00e5gon tillsynsmyndighet tar \u00f6ver ansvaret f\u00f6r, alternativt har \u00f6versyn \u00f6ver, rekryteringsprocessen n\u00e4r den sittande rektorn&nbsp;kandiderar igen.<\/p>\n\n\n\n<p>EJO\/MZ<\/p>\n\n\n\n<p class=\"has-text-align-center\"><a href=\"https:\/\/academicrightswatch.se\/?page_id=2002\" target=\"_blank\" rel=\"noreferrer noopener\">\u2666 Gillade du det du nyss l\u00e4ste? St\u00f6d v\u00e5r verksamhet! Nu ocks\u00e5 via Patreon! \u2666<\/a><\/p>\n\n\n\n<h2 class=\"wp-block-heading\"><strong>Liknande \u00e4renden<\/strong><\/h2>\n\n\n\n<figure class=\"wp-block-embed is-type-wp-embed is-provider-b-dda-in wp-block-embed-b-dda-in\"><div class=\"wp-block-embed__wrapper\">\n<blockquote class=\"wp-embedded-content\" data-secret=\"BvHhBTH3LU\"><a href=\"https:\/\/academicrightswatch.se\/?p=2585\">Kritiken mot Sterte v\u00e4xer: Karlstads universitet st\u00e4ller in r\u00e5dgivande rektorsval<\/a><\/blockquote><iframe loading=\"lazy\" class=\"wp-embedded-content\" sandbox=\"allow-scripts\" security=\"restricted\" style=\"position: absolute; visibility: hidden;\" title=\"\u201dKritiken mot Sterte v\u00e4xer: Karlstads universitet st\u00e4ller in r\u00e5dgivande rektorsval\u201d &ndash; \" src=\"https:\/\/academicrightswatch.se\/?p=2585&#038;embed=true#?secret=26J3HgAbXf#?secret=BvHhBTH3LU\" data-secret=\"BvHhBTH3LU\" width=\"600\" height=\"338\" frameborder=\"0\" marginwidth=\"0\" marginheight=\"0\" scrolling=\"no\"><\/iframe>\n<\/div><\/figure>\n\n\n\n<figure class=\"wp-block-embed is-type-wp-embed is-provider-b-dda-in wp-block-embed-b-dda-in\"><div class=\"wp-block-embed__wrapper\">\n<blockquote class=\"wp-embedded-content\" data-secret=\"1psNMAaTgt\"><a href=\"https:\/\/academicrightswatch.se\/?p=5204\">Systematiska brister i kollegialitet n\u00e4r GU valde ny rektor: Unesco-standard \u00f6vertr\u00e4ddes<\/a><\/blockquote><iframe loading=\"lazy\" class=\"wp-embedded-content\" sandbox=\"allow-scripts\" security=\"restricted\" style=\"position: absolute; visibility: hidden;\" title=\"\u201dSystematiska brister i kollegialitet n\u00e4r GU valde ny rektor: Unesco-standard \u00f6vertr\u00e4ddes\u201d &ndash; \" src=\"https:\/\/academicrightswatch.se\/?p=5204&#038;embed=true#?secret=Ojykq2Q3iB#?secret=1psNMAaTgt\" data-secret=\"1psNMAaTgt\" width=\"600\" height=\"338\" frameborder=\"0\" marginwidth=\"0\" marginheight=\"0\" scrolling=\"no\"><\/iframe>\n<\/div><\/figure>\n\n\n\n<figure class=\"wp-block-embed is-type-wp-embed is-provider-b-dda-in wp-block-embed-b-dda-in\"><div class=\"wp-block-embed__wrapper\">\n<blockquote class=\"wp-embedded-content\" data-secret=\"C5cee87dUr\"><a href=\"https:\/\/academicrightswatch.se\/?p=1069\">Kollegialt inflytande minimalt n\u00e4r Lunds universitet v\u00e4ljer ny rektor: Unescos regler \u00f6vertr\u00e4ds<\/a><\/blockquote><iframe loading=\"lazy\" class=\"wp-embedded-content\" sandbox=\"allow-scripts\" security=\"restricted\" style=\"position: absolute; visibility: hidden;\" title=\"\u201dKollegialt inflytande minimalt n\u00e4r Lunds universitet v\u00e4ljer ny rektor: Unescos regler \u00f6vertr\u00e4ds\u201d &ndash; \" src=\"https:\/\/academicrightswatch.se\/?p=1069&#038;embed=true#?secret=UYjhs1l7tO#?secret=C5cee87dUr\" data-secret=\"C5cee87dUr\" width=\"600\" height=\"338\" frameborder=\"0\" marginwidth=\"0\" marginheight=\"0\" scrolling=\"no\"><\/iframe>\n<\/div><\/figure>\n\n\n\n<figure class=\"wp-block-embed is-type-wp-embed is-provider-b-dda-in wp-block-embed-b-dda-in\"><div class=\"wp-block-embed__wrapper\">\n<blockquote class=\"wp-embedded-content\" data-secret=\"MflYn74mJ9\"><a href=\"https:\/\/academicrightswatch.se\/?p=243\">Dekanval i Lund: huvudkandidater tog \u00f6ver r\u00f6str\u00e4kningen<\/a><\/blockquote><iframe loading=\"lazy\" class=\"wp-embedded-content\" sandbox=\"allow-scripts\" security=\"restricted\" style=\"position: absolute; visibility: hidden;\" title=\"\u201dDekanval i Lund: huvudkandidater tog \u00f6ver r\u00f6str\u00e4kningen\u201d &ndash; \" src=\"https:\/\/academicrightswatch.se\/?p=243&#038;embed=true#?secret=94GoqvixVV#?secret=MflYn74mJ9\" data-secret=\"MflYn74mJ9\" width=\"600\" height=\"338\" frameborder=\"0\" marginwidth=\"0\" marginheight=\"0\" scrolling=\"no\"><\/iframe>\n<\/div><\/figure>\n","protected":false},"excerpt":{"rendered":"<p>N\u00e4r Erik Renstr\u00f6m kandiderar till sin egen tj\u00e4nst s\u00e5 g\u00f6r han det samtidigt som han \u00e4r \u00f6verordnad chef f\u00f6r den h\u00f6gskola d\u00e4r denna interna urvalsprocess utspelar sig. Fr\u00e5gan som kommer att f\u00f6rf\u00f6lja honom om han blir omvald \u00e4r om det &hellip; <a href=\"https:\/\/academicrightswatch.se\/?p=5976\">Forts\u00e4tt l\u00e4sa <span class=\"meta-nav\">&rarr;<\/span><\/a><\/p>\n","protected":false},"author":3,"featured_media":0,"comment_status":"closed","ping_status":"closed","sticky":false,"template":"","format":"standard","meta":{"footnotes":""},"categories":[12,191],"tags":[1225,698,1224,1226,10,47,502,217],"class_list":["post-5976","post","type-post","status-publish","format-standard","hentry","category-akademisk-frihet","category-tjanstetillsattningar","tag-boel-flodgren","tag-erik-renstrom","tag-goran-bexell","tag-hakan-westling","tag-lunds-universitet","tag-per-eriksson","tag-rektorsval","tag-torbjorn-von-schantz"],"_links":{"self":[{"href":"https:\/\/academicrightswatch.se\/index.php?rest_route=\/wp\/v2\/posts\/5976","targetHints":{"allow":["GET"]}}],"collection":[{"href":"https:\/\/academicrightswatch.se\/index.php?rest_route=\/wp\/v2\/posts"}],"about":[{"href":"https:\/\/academicrightswatch.se\/index.php?rest_route=\/wp\/v2\/types\/post"}],"author":[{"embeddable":true,"href":"https:\/\/academicrightswatch.se\/index.php?rest_route=\/wp\/v2\/users\/3"}],"replies":[{"embeddable":true,"href":"https:\/\/academicrightswatch.se\/index.php?rest_route=%2Fwp%2Fv2%2Fcomments&post=5976"}],"version-history":[{"count":3,"href":"https:\/\/academicrightswatch.se\/index.php?rest_route=\/wp\/v2\/posts\/5976\/revisions"}],"predecessor-version":[{"id":5979,"href":"https:\/\/academicrightswatch.se\/index.php?rest_route=\/wp\/v2\/posts\/5976\/revisions\/5979"}],"wp:attachment":[{"href":"https:\/\/academicrightswatch.se\/index.php?rest_route=%2Fwp%2Fv2%2Fmedia&parent=5976"}],"wp:term":[{"taxonomy":"category","embeddable":true,"href":"https:\/\/academicrightswatch.se\/index.php?rest_route=%2Fwp%2Fv2%2Fcategories&post=5976"},{"taxonomy":"post_tag","embeddable":true,"href":"https:\/\/academicrightswatch.se\/index.php?rest_route=%2Fwp%2Fv2%2Ftags&post=5976"}],"curies":[{"name":"wp","href":"https:\/\/api.w.org\/{rel}","templated":true}]}}