{"id":661,"date":"2013-08-16T15:09:21","date_gmt":"2013-08-16T13:09:21","guid":{"rendered":"http:\/\/academicrightswatch.se\/?p=661"},"modified":"2017-12-29T12:12:26","modified_gmt":"2017-12-29T11:12:26","slug":"vem-laxar-upp-rektor-fragan-om-ambassadorsskap-vid-lunds-universitet","status":"publish","type":"post","link":"https:\/\/academicrightswatch.se\/?p=661","title":{"rendered":"Vem l\u00e4xar upp rektor? Fr\u00e5gan om ambassad\u00f6rsskap vid Lunds universitet"},"content":{"rendered":"<p><i>En twittrande professor vid Lunds universitet har gett upphov till en diskussion om gr\u00e4nserna f\u00f6r privat och offentligt n\u00e4r det g\u00e4ller universitetsanst\u00e4llda. Men universitetets st\u00e5ndpunkt i fr\u00e5gan tycks komma i konflikt med den egna rektorns agerande.<\/i><br \/>\n<!--more L\u00e4s mer...--><\/p>\n<p><i><\/i>Upprinnelsen till diskussionen var ett meningsutbyte p\u00e5 Twitter d\u00e4r professorn Erik Svensson tappade fattningen och uttryckte sig p\u00e5 ett s\u00e4tt som alla \u00e4r \u00f6verens om var ol\u00e4mpligt. Svensson ins\u00e5g sj\u00e4lv det problematiska i ordvalet och bad om urs\u00e4kt. D\u00e4rmed tycker man att saken b\u00f6r ha varit utagerad. Men i detta l\u00e4ge blev incidenten f\u00f6rem\u00e5l f\u00f6r myndighetsut\u00f6vning i och med att professorn blev inkallad till ett m\u00f6te med dekanen f\u00f6r den naturvetenskapliga fakulteten, Olof Sterner. <a href=\"http:\/\/www.sydsvenskan.se\/lund\/twittrande-professor-laxas-upp\/\" target=\"_blank\">Den 2 augusti rapporterade Sydsvenska Dagbladet<\/a> att dekanen befarade att professorns twittrande kunde skada universitetet och bl.a. leda till minskade forskningsanslag och uteblivna donationer. Sterner menar dessutom att twitterinl\u00e4ggen \u201dskadar Lunds universitet\u201d och att de inte \u00e4r \u201df\u00f6renliga med Universitetets v\u00e4rdegrund\u201d. Sterner forts\u00e4tter: \u201d[\u00e4]ven om Erik Svensson har agerat som privatperson associerar m\u00e5nga det intr\u00e4ffade med Lunds universitet\u201d.<\/p>\n<p>Svensson st\u00e4llde sig fr\u00e5gande inf\u00f6r universitetets agerande eftersom han menade att han agerat som privatperson och inte p\u00e5 universitetets v\u00e4gnar. Samma uppfattning drev en annan professor vid Lunds universitet, n\u00e4mligen professorn i nationalekonomi, Jerker Holm, som i <a href=\"http:\/\/www.sydsvenskan.se\/opinion\/aktuella-fragor\/intellektuell-frihet-for-forskare\/\" target=\"_blank\">en debattartikel i Sydsvenska Dagbladet<\/a> kritiserade universitetet f\u00f6r att man kallat Svensson till m\u00f6te \u201dsom om en skolpojke hade krossat en f\u00f6nsterruta p\u00e5 skolan\u201d. Holm menade vidare att \u201d[f]orskare och intellektuella m\u00e5ste ha r\u00e4tt till sina \u00e5sikter och universitetsledningar runt om i landet m\u00e5ste t\u00e4nka l\u00e4ngre \u00e4n kortsiktiga varum\u00e4rkeskonsulter\u201d.<\/p>\n<p>Holms artikel f\u00f6ranledde en av universitetets vice rektorer, professor Nils Danielsen, att bem\u00f6ta Holms artikel och att ge, vad man f\u00e5r uppfatta som universitetets syn p\u00e5 twitterincidenten. Den <a href=\"http:\/\/www.sydsvenskan.se\/opinion\/aktuella-fragor\/intellektuell-frihet-ar-kopplad-till-intellektuellt-ansvar\/\" target=\"_blank\">6 augusti p\u00e5pekar Danielsen i Sydsvenska Dagbladet<\/a>\u00a0att intellektuell frihet ocks\u00e5 medf\u00f6r ansvar: \u201d[a]lla vi anst\u00e4llda har ansvar att uttrycka oss v\u00e4rdigt och respektfullt oavsett vem vi debatterar med\u201d. Enligt Danielsen medf\u00f6r anst\u00e4llningen just som professor s\u00e4rskilda skyldigheter, eftersom det inte alltid \u00e4r klart om professorer uttalar sig som professorer eller som privatpersoner. I fallet med den twittrande professorn menar Danielsen att det \u00e4r \u201doklart om den aktuelle professorn upptr\u00e4dde som professor eller privatperson n\u00e4r han twittrade med en journalist och chefredakt\u00f6r\u201d. Den springande punkten f\u00f6refaller vara om omgivningen uppfattade det som om det var professor Svensson som twittrade och inte privatpersonen Svensson.<\/p>\n<p>Ungef\u00e4r samma uppfattning framkommer i <a href=\"http:\/\/www.sydsvenskan.se\/lund\/otydliga-regler-om-granser\/\" target=\"_blank\">en annan artikel i Sydsvenska Dagbladet, publicerad den 2 augusti,<\/a> d\u00e4r fr\u00e5gan om huruvida Lunds universitet har n\u00e5gon policy f\u00f6r hur anst\u00e4llda kan och f\u00e5r upptr\u00e4da i sociala medier behandlas. Dekanen Olof Sterner betonar att Erik Svensson presenterat sig som professor p\u00e5 Twitter varf\u00f6r folk s\u00e4tter hans uttalanden i samband med universitetet och forts\u00e4tter \u201d om han [Erik Svensson] beter sig p\u00e5 ett s\u00e4tt som skadar Universitetet m\u00e5ste vi agera\u201d.<\/p>\n<p>I samma artikel framh\u00e5ller Nils Danielsen ocks\u00e5 att omgivningens uppfattning har betydelse f\u00f6r om en anst\u00e4lld ska uppfattas som privatperson eller som representant f\u00f6r universitetet:<\/p>\n<blockquote><p>Kan man vara privat som rektor? Om du fr\u00e5gar Per Eriksson s\u00e5 kommer han att svara nej. Men egentligen ska det inte vara n\u00e5gon skillnad, men det beror hur omgivningen och medier uppfattar det. Det \u00e4r alltid mer intressant om det \u00e4r en professor, eller tillika en l\u00e4kare, som g\u00f6r bort sig. D\u00e5 finns det alltid ett intresse.<\/p><\/blockquote>\n<p><i><\/i>Trots att universitetet slutligen valde att inte vidta n\u00e5gra \u00e5tg\u00e4rder mot Erik Svensson st\u00e5r det klart att f\u00f6retr\u00e4dare f\u00f6r universitetet (dekanen Sterner, vice rektorn Danielsen) anser att universitetet hade r\u00e4tt att agera. Sammanfattar vi argumenten finner vi att:<\/p>\n<ul>\n<li><i>det \u00e4r en oklar gr\u00e4ns mellan rollen som anst\u00e4lld vid universitetet och rollen som privatperson<\/i><\/li>\n<li><i>alla anst\u00e4llda vid universitetet har ett s\u00e4rskilt ansvar att uttrycka sig v\u00e4rdigt och respektfullt<\/i><\/li>\n<li><i>avg\u00f6rande f\u00f6r om en person i en given situation ska betraktas som representant f\u00f6r universitetet eller som privatperson \u00e4r omgivningens uppfattning<\/i><\/li>\n<li><i>om en anst\u00e4llds agerande inte \u00e4r f\u00f6renligt med universitetets v\u00e4rdegrund har universitetet r\u00e4tt att vidta \u00e5tg\u00e4rder om man bed\u00f6mt att agerandet skadar universitetet<\/i><\/li>\n<\/ul>\n<p>Det \u00e4r l\u00e4tt att inse vidden av godtycke som f\u00f6ljer av universitetsrepresentanternas s\u00e4tt att resonera. Vem avg\u00f6r vad som \u00e4r v\u00e4rdigt? Hur ska en anst\u00e4lld kunna f\u00f6rutse om det han eller hon s\u00e4ger ska komma att tolkas som om det gjorts av en representant f\u00f6r universitetet? Hur stor grupp kr\u00e4vs f\u00f6r att n\u00e5gon inte l\u00e4ngre ska uppfattas som privatperson?<\/p>\n<p>Det absurda i universitetets h\u00e5llning blir tydligt om man till\u00e4mpar de ovanst\u00e5ende argumenten p\u00e5 universitetets fr\u00e4mste representant \u2013 rektorn f\u00f6r Lunds universitet, Per Eriksson.<\/p>\n<p>Professor Per Eriksson upptr\u00e4der understundom i rollen som frikyrkoman och f\u00f6rkunnare, exempelvis i mars 2013, d\u00e5 han predikade i Pingstkyrkan i Svedala. <a href=\"https:\/\/academicrightswatch.se\/wp-content\/uploads\/2013\/08\/Lokaltidningen-Per-Eriksson.tiff\" target=\"_blank\">I kyrkans annonsering<\/a> presenteras Eriksson klart b\u00e5de som professor och som rektor vid Lunds universitet. Fr\u00e5n Sterners\/Danielsens utg\u00e5ngspunkter kan det inte r\u00e5da n\u00e5gon tvekan om att Eriksson upptr\u00e4dde b\u00e5de i rollen som rektor f\u00f6r Lunds universitet och som professor vid Lunds universitet. Enligt Nils Danielsen (citatet ovan) <i>kan<\/i> inte Per Eriksson upptr\u00e4da som privatperson. I detta fall r\u00e5der allts\u00e5 ingen sammanblandning mellan det privata och det offentliga. Per Eriksson representerar Lunds universitet och associeras klart med Lunds universitet.<\/p>\n<p>Det \u00e4r sannolikt st\u00e4llt bortom allt tvivel att Eriksson vid n\u00e4mnda predikan upptr\u00e4dde v\u00e4rdigt och respektfullt, men det \u00e4r samtidigt inte s\u00e4rskilt sv\u00e5rt att visa att han upptr\u00e4dde i ett sammanhang d\u00e4r det f\u00f6religger allvarliga konflikter mellan en religi\u00f6s ideologi och Lunds universitets v\u00e4rdegrund.<\/p>\n<p>Pingstr\u00f6relsen i Sverige, vars kunskapssyn generellt skiljer sig markant fr\u00e5n den som r\u00e5der vid Lunds universitet, omfattar en <a href=\"http:\/\/www.pingst.se\/viewNavMenu.do?menuID=5\" target=\"_blank\">\u201den karismatisk och bibeltrogen f\u00f6rkunnelse\u201d, d\u00e4r \u201dhela Bibeln\u201d uppfattas som \u201dGuds ord\u201d<\/a>. \u00c4ven om r\u00f6relsen officiellt uttrycker sig mer nyanserat \u00e4n pastor \u00c5ke Green, st\u00e5r det klart att man mots\u00e4tter sig samk\u00f6nade sexuella relationer och \u00e4ktenskap. I r\u00f6relsens teologiska utredning <a href=\"http:\/\/www.pingst.se\/viewNavMenu.do?menuID=52&amp;oid=5839\" target=\"_blank\"><i>Homosexualitet och kristen tro<\/i><\/a> betraktas homosexualitet som synd och homosexuella m\u00e4nniskor rekommenderas att leva i celibat.<\/p>\n<p>Det \u00e4r en uppfattning som st\u00e5r i sp\u00e4nningsf\u00f6rh\u00e5llande till<a href=\"http:\/\/www3.lu.se\/pers\/Jamstalldhet\/policy_jamst-likab-mangfald.pdf\" target=\"_blank\"> Lunds universitets policy f\u00f6r j\u00e4mst\u00e4lldhet, likabehandling och m\u00e5ngfald (dnr PE 2001\/177)<\/a>, ett dokument som n\u00e4ra ansluter till regeringsformen (1 kap. 2 \u00a7) och som undertecknats bl.a. av Per Eriksson. H\u00e4r fastsl\u00e5s att,<\/p>\n<blockquote><p>s\u00e5v\u00e4l anst\u00e4llda och studenter som den som s\u00f6ker arbete eller studieplats vid Lunds universitet behandlas och bed\u00f6ms utan ovidkommande h\u00e4nsyn till k\u00f6n, k\u00f6ns\u00f6verskridande identitet, etnisk tillh\u00f6righet, religions eller annan trosuppfattning, funktionshinder, sexuell l\u00e4ggning och \u00e5lder.<\/p><\/blockquote>\n<p>Accepterar vi att Per Eriksson deltog i kulthandlingar i Pingstkyrkan i Svedala som representant f\u00f6r Lunds universitet tvingas vi konstatera att hans agerande <i>inte \u00e4r f\u00f6renligt med universitetets v\u00e4rdegrund<\/i>. Per Eriksson borde rimligen, p\u00e5 samma s\u00e4tt som Erik Svensson, ha l\u00e4xats upp och inf\u00f6r universitetsstyrelsen f\u00e5tt lova att aldrig mer predika i pingstkyrkor.<\/p>\n<p>Att s\u00e5 inte skett kan bara ha tv\u00e5 sannolika f\u00f6rklaringar. Den mindre tilltalande \u00e4r att olika befattningshavare vid universitetet bed\u00f6ms med olika m\u00e5ttstockar. Universitetets rektor kan engagera sig i organisationer vars verksamhet sv\u00e5rligen l\u00e5ter sig f\u00f6renas med universitets v\u00e4rdegrund, som ocks\u00e5 betonar vikten av (k\u00e4ll)kritiskt t\u00e4nkande, utan att detta f\u00e5r n\u00e5gra konsekvenser, medan en vanlig professor, lektor eller adjunkt som uttrycker sig ol\u00e4mpligt (eller \u201dov\u00e4rdigt\u201d) p\u00e5 sin fritid riskerar att drabbas av disciplin\u00e4ra \u00e5tg\u00e4rder.<\/p>\n<p>Den andra f\u00f6rklaringen \u00e4r att universitetets hantering av fallet Erik Svensson var ogenomt\u00e4nkt och att universitetets representanter inte insett vilka konsekvenser deras st\u00e5ndpunkter skulle f\u00e5.<\/p>\n<p><a href=\"http:\/\/www.sydsvenskan.se\/opinion\/aktuella-fragor\/farligt-skapa-osakerhet-kring-yttrandefriheten\/\" target=\"_blank\">Som Academic Rights Watch argumenterat i en avslutande debattartikel i Sydsvenska Dagbladet<\/a>, \u00e4r den centrala fr\u00e5gan inte huruvida n\u00e5gon <i>uppfattas<\/i> som representant f\u00f6r universitetet utan om han eller hon <i>de facto<\/i> agerar som representant f\u00f6r myndigheten, dvs p\u00e5 universitetets v\u00e4gnar och i universitetets namn. Att en person presenteras som anst\u00e4lld vid ett universitet inneb\u00e4r inte att den personen kan betraktas som representant f\u00f6r myndigheten. Det \u00e4r kort sagt <i>inte<\/i> s\u00e5 att universitetet har en generell r\u00e4tt att agera d\u00e5 en anst\u00e4llds handlande inte \u00e4r f\u00f6renligt med universitetets v\u00e4rdegrund. Det skulle exempelvis leda till att alla katoliker vid universitetet bara genom sin trostillh\u00f6righet kan uppfattas skada universitetets varum\u00e4rke d\u00e5 katolska kyrkan ocks\u00e5 mots\u00e4tter sig samk\u00f6nade relationer \u2013 och dessutom kvinnliga pr\u00e4ster.<\/p>\n<p>Att Erik Svensson skulle ha twittrat som representant f\u00f6r Lunds universitet \u00e4r lika osannolikt som att Per Eriksson predikade i Svedala p\u00e5 universitetets uppdrag. I b\u00e5da fallen \u00e4r det fr\u00e5gan om agerande av privatpersoner som ocks\u00e5 r\u00e5kar inneha olika befattningar vid Lunds universitet.<\/p>\n<p>Per Eriksson kan s\u00e5ledes lugnt forts\u00e4tta att predika i vilka sammanhang han finner f\u00f6r gott. Han har en grundlagsskyddad r\u00e4tt att hysa vilka religi\u00f6sa uppfattningar som helst, t.o.m. s\u00e5dana som inte \u00e4r f\u00f6renliga med universitetets v\u00e4rdegrund, uppfattningar han f.\u00f6. inte ens beh\u00f6ver redovisa. Han har dessutom r\u00e4tt att, som regeringsformen uttrycker det (2 kap. 1 \u00a7), \u201densam eller tillsammans med andra ut\u00f6va sin religion\u201d.<\/p>\n<p>P\u00e5 motsvarande s\u00e4tt har Erik Svensson och alla andra anst\u00e4llda vid Lunds universitet all r\u00e4tt i v\u00e4rlden att hysa och ge uttryck f\u00f6r vilka uppfattningar de s\u00e5 \u00f6nskar. Det som ytterst reglerar en universitetsanst\u00e4llds yttrande- och \u00e5siktsfrihet \u00e4r inte godtyckliga tolkningar av vad som \u00e4r skadligt f\u00f6r universitetets varum\u00e4rke, <i>utan vad som \u00e4r till\u00e5tet enligt svensk lag<\/i>, och inte heller universitetsanst\u00e4lldas yttrandefrihet kan begr\u00e4nsas <i>annat \u00e4n genom lag<\/i>. Universitetet g\u00f6r b\u00e4st i att h\u00e5lla tassarna borta.<\/p>\n<p>EJO\/MZ<\/p>\n","protected":false},"excerpt":{"rendered":"<p>En twittrande professor vid Lunds universitet har gett upphov till en diskussion om gr\u00e4nserna f\u00f6r privat och offentligt n\u00e4r det g\u00e4ller universitetsanst\u00e4llda. Men universitetets st\u00e5ndpunkt i fr\u00e5gan tycks komma i konflikt med den egna rektorns agerande.<\/p>\n","protected":false},"author":3,"featured_media":0,"comment_status":"closed","ping_status":"closed","sticky":false,"template":"","format":"standard","meta":{"footnotes":""},"categories":[12,6],"tags":[47,52,51,50],"class_list":["post-661","post","type-post","status-publish","format-standard","hentry","category-akademisk-frihet","category-yttrandefrihet","tag-per-eriksson","tag-rektor-lunds-universitet","tag-twitter","tag-vicerektor-nils-danielsen"],"_links":{"self":[{"href":"https:\/\/academicrightswatch.se\/index.php?rest_route=\/wp\/v2\/posts\/661","targetHints":{"allow":["GET"]}}],"collection":[{"href":"https:\/\/academicrightswatch.se\/index.php?rest_route=\/wp\/v2\/posts"}],"about":[{"href":"https:\/\/academicrightswatch.se\/index.php?rest_route=\/wp\/v2\/types\/post"}],"author":[{"embeddable":true,"href":"https:\/\/academicrightswatch.se\/index.php?rest_route=\/wp\/v2\/users\/3"}],"replies":[{"embeddable":true,"href":"https:\/\/academicrightswatch.se\/index.php?rest_route=%2Fwp%2Fv2%2Fcomments&post=661"}],"version-history":[{"count":8,"href":"https:\/\/academicrightswatch.se\/index.php?rest_route=\/wp\/v2\/posts\/661\/revisions"}],"predecessor-version":[{"id":3073,"href":"https:\/\/academicrightswatch.se\/index.php?rest_route=\/wp\/v2\/posts\/661\/revisions\/3073"}],"wp:attachment":[{"href":"https:\/\/academicrightswatch.se\/index.php?rest_route=%2Fwp%2Fv2%2Fmedia&parent=661"}],"wp:term":[{"taxonomy":"category","embeddable":true,"href":"https:\/\/academicrightswatch.se\/index.php?rest_route=%2Fwp%2Fv2%2Fcategories&post=661"},{"taxonomy":"post_tag","embeddable":true,"href":"https:\/\/academicrightswatch.se\/index.php?rest_route=%2Fwp%2Fv2%2Ftags&post=661"}],"curies":[{"name":"wp","href":"https:\/\/api.w.org\/{rel}","templated":true}]}}